{"id":9437,"date":"2023-12-03T00:58:44","date_gmt":"2023-12-02T23:58:44","guid":{"rendered":"https:\/\/healthyliciouus.com\/?p=9437"},"modified":"2025-01-13T18:36:42","modified_gmt":"2025-01-13T17:36:42","slug":"tarte-fine-aux-pommes-et-a-lamande","status":"publish","type":"post","link":"https:\/\/healthyliciouus.com\/index.php\/2023\/12\/03\/tarte-fine-aux-pommes-et-a-lamande\/","title":{"rendered":"TARTE FINE AUX POMMES ET \u00c0 L&rsquo;AMANDE"},"content":{"rendered":"\n<p>Les desserts \u00e0 base de pommes sont souvent une valeur s\u00fbre ! Apr\u00e8s mes <a href=\"https:\/\/healthyliciouus.com\/index.php\/2023\/11\/09\/muffins-coco-pomme-et-amande\/\" target=\"_blank\" rel=\"noopener\" title=\"muffins coco, pommes, amandes\">muffins coco, pommes, amandes<\/a> et ma <a href=\"https:\/\/healthyliciouus.com\/index.php\/2023\/07\/24\/tarte-crumble-aux-pommes-myrtilles-amandes\/\" target=\"_blank\" rel=\"noopener\" title=\"tarte crumble pommes et myrtilles\">tarte crumble pommes et myrtilles<\/a>, je vous propose cette tarte fine aux pommes, \u00e0 l&rsquo;amande et \u00e0 la vanille. Un d\u00e9lice ! Compos\u00e9e avec une p\u00e2te maison \u00e0 IG bas, vous allez pouvoir vous faire plaisir sainement.<\/p>\n\n\n\n<hr class=\"wp-block-separator has-alpha-channel-opacity is-style-wide\"\/>\n\n\n<div class=\"wp-block-wpzoom-recipe-card-block-recipe-card is-style-newdesign header-content-align-center block-alignment-left\" id=\"wpzoom-recipe-card\"><div class=\"recipe-card-image\">\n\t\t\t\t<figure>\n\t\t\t\t\t<img loading=\"lazy\" decoding=\"async\" width=\"800\" height=\"530\" src=\"https:\/\/i0.wp.com\/healthyliciouus.com\/wp-content\/uploads\/2022\/11\/20221126_092531-scaled.jpg?resize=800%2C530&amp;ssl=1\" class=\"wpzoom-recipe-card-image\" alt=\"TARTE FINE AUX POMMES ET \u00c0 L&#039;AMANDE\" id=\"9436\" srcset=\"https:\/\/i0.wp.com\/healthyliciouus.com\/wp-content\/uploads\/2022\/11\/20221126_092531-scaled.jpg?resize=800%2C530&amp;ssl=1 800w, https:\/\/i0.wp.com\/healthyliciouus.com\/wp-content\/uploads\/2022\/11\/20221126_092531-scaled.jpg?resize=360%2C240&amp;ssl=1 360w, https:\/\/i0.wp.com\/healthyliciouus.com\/wp-content\/uploads\/2022\/11\/20221126_092531-scaled.jpg?zoom=2&amp;resize=800%2C530&amp;ssl=1 1600w\" sizes=\"auto, (max-width: 750px) 100vw, 750px\" \/>\n\t\t\t\t\t<figcaption>\n\t\t\t\t\t\t<div class=\"wpzoom-recipe-card-print-link\">\n\t            <a class=\"btn-print-link no-print\" href=\"#wpzoom-recipe-card\" title=\"Imprimer les instructions\u2026\" style=\"background-color: #FFA921; box-shadow: 0 5px 40px #FFA921;\" data-servings-size=\"1\" data-recipe-id=\"9437\">\n\t            \t<SVG class=\"wpzoom-rcb-icon-print-link\" viewBox=\"0 0 32 32\" width=\"32\" height=\"32\" xmlns=\"http:\/\/www.w3.org\/2000\/svg\">\n \t            \t    <g data-name=\"Layer 55\" id=\"Layer_55\">\n \t            \t        <Path class=\"wpzoom-rcb-print-icon\" d=\"M28,25H25a1,1,0,0,1,0-2h3a1,1,0,0,0,1-1V10a1,1,0,0,0-1-1H4a1,1,0,0,0-1,1V22a1,1,0,0,0,1,1H7a1,1,0,0,1,0,2H4a3,3,0,0,1-3-3V10A3,3,0,0,1,4,7H28a3,3,0,0,1,3,3V22A3,3,0,0,1,28,25Z\" \/>\n \t            \t        <Path class=\"wpzoom-rcb-print-icon\" d=\"M25,31H7a1,1,0,0,1-1-1V20a1,1,0,0,1,1-1H25a1,1,0,0,1,1,1V30A1,1,0,0,1,25,31ZM8,29H24V21H8Z\" \/>\n \t            \t        <Path class=\"wpzoom-rcb-print-icon\" d=\"M25,9a1,1,0,0,1-1-1V3H8V8A1,1,0,0,1,6,8V2A1,1,0,0,1,7,1H25a1,1,0,0,1,1,1V8A1,1,0,0,1,25,9Z\" \/>\n \t            \t        <rect class=\"wpzoom-rcb-print-icon\" height=\"2\" width=\"2\" x=\"24\" y=\"11\" \/>\n \t            \t        <rect class=\"wpzoom-rcb-print-icon\" height=\"2\" width=\"4\" x=\"18\" y=\"11\" \/>\n \t            \t    <\/g>\n \t            \t<\/SVG>\n\t                <span>Imprimer<\/span>\n\t            <\/a>\n\t        <\/div>\n\t\t            <\/figcaption>\n\t\t\t\t<\/figure>\n\t\t\t<\/div>\n\t\t\t<div class=\"recipe-card-heading\">\n\t\t\t\t<h2 class=\"recipe-card-title\">TARTE FINE AUX POMMES ET \u00c0 L&rsquo;AMANDE<\/h2><\/div><div class=\"recipe-card-details\"><div class=\"details-items\"><div class=\"detail-item detail-item-0\"><span class=\"detail-item-icon oldicon oldicon-food-1\" style=\"color: #FFA921;\"><\/span><span class=\"detail-item-label\">Portions<\/span><p class=\"detail-item-value\">1<\/p><span class=\"detail-item-unit\">tarte de 24cm de dima\u00e8tre<\/span><\/div><div class=\"detail-item detail-item-1\"><span class=\"detail-item-icon oldicon oldicon-clock\" style=\"color: #FFA921;\"><\/span><span class=\"detail-item-label\">Temps de pr\u00e9paration<\/span><p class=\"detail-item-value\">20<\/p><span class=\"detail-item-unit\">minutes<\/span><\/div><div class=\"detail-item detail-item-2\"><span class=\"detail-item-icon foodicons foodicons-cooking-food-in-a-hot-casserole\" style=\"color: #FFA921;\"><\/span><span class=\"detail-item-label\">Temps de cuisson<\/span><p class=\"detail-item-value\">30<\/p><span class=\"detail-item-unit\">minutes<\/span><\/div><\/div><\/div><div class=\"recipe-card-ingredients\"><h3 class=\"ingredients-title\">INGREDIENTS<\/h3><ul class=\"ingredients-list layout-2-columns\"><li id=\"wpzoom-rcb-ingredient-item-16694775609801810\" class=\"ingredient-item ingredient-item-group\"><strong class=\"ingredient-item-group-title\">Pour la p\u00e2te \u00e0 tarte :<\/strong><\/li><li id=\"wpzoom-rcb-ingredient-item-638231863ba3a\" class=\"ingredient-item\"><span class=\"tick-circle\" style=\"border: 2px solid #FFA921;\"><\/span><p class=\"ingredient-item-name is-strikethrough-active\"><span class=\"wpzoom-rcb-ingredient-name\">100g de farine d&rsquo;\u00e9peautre T110<\/span><\/p><\/li><li id=\"wpzoom-rcb-ingredient-item-638231863ba3c\" class=\"ingredient-item\"><span class=\"tick-circle\" style=\"border: 2px solid #FFA921;\"><\/span><p class=\"ingredient-item-name is-strikethrough-active\"><span class=\"wpzoom-rcb-ingredient-name\">60g de poudre d&rsquo;amandes<\/span><\/p><\/li><li id=\"wpzoom-rcb-ingredient-item-638231863ba3d\" class=\"ingredient-item\"><span class=\"tick-circle\" style=\"border: 2px solid #FFA921;\"><\/span><p class=\"ingredient-item-name is-strikethrough-active\"><span class=\"wpzoom-rcb-ingredient-name\">20g de sucre de coco<\/span><\/p><\/li><li id=\"wpzoom-rcb-ingredient-item-638231863ba3e\" class=\"ingredient-item\"><span class=\"tick-circle\" style=\"border: 2px solid #FFA921;\"><\/span><p class=\"ingredient-item-name is-strikethrough-active\"><span class=\"wpzoom-rcb-ingredient-name\">5cl d&rsquo;huile de colza<\/span><\/p><\/li><li id=\"wpzoom-rcb-ingredient-item-16694777159894171\" class=\"ingredient-item\"><span class=\"tick-circle\" style=\"border: 2px solid #FFA921;\"><\/span><p class=\"ingredient-item-name is-strikethrough-active\"><span class=\"wpzoom-rcb-ingredient-name\">6cl d&rsquo;eau<\/span><\/p><\/li><li id=\"wpzoom-rcb-ingredient-item-16694777197564212\" class=\"ingredient-item ingredient-item-group\"><strong class=\"ingredient-item-group-title\"><br \/>Pour la garniture :<\/strong><\/li><li id=\"wpzoom-rcb-ingredient-item-16694777352274305\" class=\"ingredient-item\"><span class=\"tick-circle\" style=\"border: 2px solid #FFA921;\"><\/span><p class=\"ingredient-item-name is-strikethrough-active\"><span class=\"wpzoom-rcb-ingredient-name\">4 pommes Golden<\/span><\/p><\/li><li id=\"wpzoom-rcb-ingredient-item-16694777358374310\" class=\"ingredient-item\"><span class=\"tick-circle\" style=\"border: 2px solid #FFA921;\"><\/span><p class=\"ingredient-item-name is-strikethrough-active\"><span class=\"wpzoom-rcb-ingredient-name\">100g de compote de pommes sans sucre ajout\u00e9<\/span><\/p><\/li><li id=\"wpzoom-rcb-ingredient-item-16694778869495767\" class=\"ingredient-item\"><span class=\"tick-circle\" style=\"border: 2px solid #FFA921;\"><\/span><p class=\"ingredient-item-name is-strikethrough-active\"><span class=\"wpzoom-rcb-ingredient-name\">1 c \u00e0 c de sucre de coco<\/span><\/p><\/li><li id=\"wpzoom-rcb-ingredient-item-16694779713166626\" class=\"ingredient-item\"><span class=\"tick-circle\" style=\"border: 2px solid #FFA921;\"><\/span><p class=\"ingredient-item-name is-strikethrough-active\"><span class=\"wpzoom-rcb-ingredient-name\">1 c \u00e0 s d&rsquo;amandes effil\u00e9es<\/span><\/p><\/li><li id=\"wpzoom-rcb-ingredient-item-16694779440346600\" class=\"ingredient-item\"><span class=\"tick-circle\" style=\"border: 2px solid #FFA921;\"><\/span><p class=\"ingredient-item-name is-strikethrough-active\"><span class=\"wpzoom-rcb-ingredient-name\">1 c \u00e0 s de poudre d&rsquo;amandes<\/span><\/p><\/li><li id=\"wpzoom-rcb-ingredient-item-16694779445846605\" class=\"ingredient-item\"><span class=\"tick-circle\" style=\"border: 2px solid #FFA921;\"><\/span><p class=\"ingredient-item-name is-strikethrough-active\"><span class=\"wpzoom-rcb-ingredient-name\">1\/2 c \u00e0 c de vanille en poudre<\/span><\/p><\/li><\/ul><\/div><div class=\"recipe-card-directions\"><h3 class=\"directions-title\">LES ETAPES DE LA RECETTE<\/h3><ul class=\"directions-list\"><li id=\"wpzoom-rcb-direction-step-638231863ba40\" class=\"direction-step\">Pr\u00e9parez la p\u00e2te \u00e0 tarte en m\u00e9langeant l&rsquo;ensemble des ingr\u00e9dients. Formez une boule puis abaissez la sur du papier sulfuris\u00e9 en formant un rond d&rsquo;environ 28cm de diam\u00e8tre.<img data-recalc-dims=\"1\" loading=\"lazy\" decoding=\"async\" width=\"750\" height=\"732\" src=\"https:\/\/i0.wp.com\/healthyliciouus.com\/wp-content\/uploads\/2023\/12\/20221126_074214-scaled-e1701560715969.jpg?resize=750%2C732&#038;ssl=1\" class=\"direction-step-image\" alt=\"photo de la pr\u00e9paration d&#039;une tarte fine aux pommes et \u00e0 l&#039;amande\" title=\"TARTE FINE AUX POMMES ET \u00c0 L&#039;AMANDE\" style=\"width: 200px\" \/><\/li><li id=\"wpzoom-rcb-direction-step-638231863ba42\" class=\"direction-step\">Epluchez et coupez les pommes en fines lamelles. Vous pouvez les citronner un peu pour \u00e9viter qu&rsquo;elles noircissent pendant la pr\u00e9paration.<\/li><li id=\"wpzoom-rcb-direction-step-1669477279998952\" class=\"direction-step\">Sur la p\u00e2te, \u00e9talez la compote de pommes en laissant 2cm sur le bord. R\u00e9partissez la c \u00e0 s de poudre d&rsquo;amandes et la vanille en poudre sur la compote de pommes. <img data-recalc-dims=\"1\" loading=\"lazy\" decoding=\"async\" width=\"750\" height=\"729\" src=\"https:\/\/i0.wp.com\/healthyliciouus.com\/wp-content\/uploads\/2023\/12\/20221126_074521-scaled-e1701560951413.jpg?resize=750%2C729&#038;ssl=1\" class=\"direction-step-image\" alt=\"photo de la pr\u00e9paration d&#039;une tarte fine aux pommes et \u00e0 l&#039;amande\" title=\"TARTE FINE AUX POMMES ET \u00c0 L&#039;AMANDE\" style=\"width: 200px\" \/><\/li><li id=\"wpzoom-rcb-direction-step-16694773170041170\" class=\"direction-step\">Disposez les lamelles de pommes en les superposant un peu (toujours en laissant 2cm sur le bord). Saupoudrez d&rsquo;une c \u00e0 c de sucre de coco. Refermez l&rsquo;exc\u00e9dent de p\u00e2te sur les pommes. R\u00e9partissez les amandes effil\u00e9es sur les bords de la p\u00e2te.<img data-recalc-dims=\"1\" loading=\"lazy\" decoding=\"async\" width=\"750\" height=\"705\" src=\"https:\/\/i0.wp.com\/healthyliciouus.com\/wp-content\/uploads\/2023\/12\/20221126_075908-scaled-e1701560684535.jpg?resize=750%2C705&#038;ssl=1\" class=\"direction-step-image\" alt=\"photo de la pr\u00e9paration d&#039;une tarte fine aux pommes et \u00e0 l&#039;amande\" title=\"TARTE FINE AUX POMMES ET \u00c0 L&#039;AMANDE\" style=\"width: 200px\" \/><img data-recalc-dims=\"1\" loading=\"lazy\" decoding=\"async\" width=\"750\" height=\"720\" src=\"https:\/\/i0.wp.com\/healthyliciouus.com\/wp-content\/uploads\/2023\/12\/20221126_080450-scaled-e1701560887205.jpg?resize=750%2C720&#038;ssl=1\" class=\"direction-step-image\" alt=\"photo de la pr\u00e9paration d&#039;une tarte fine aux pommes et \u00e0 l&#039;amande\" title=\"TARTE FINE AUX POMMES ET \u00c0 L&#039;AMANDE\" style=\"width: 200px\" \/><\/li><li id=\"wpzoom-rcb-direction-step-16694773552851524\" class=\"direction-step\">Enfournez 35 minutes \u00e0 180\u00b0C. Laissez ti\u00e9dir avant de d\u00e9guster.<\/li><\/ul><\/div><script type=\"application\/ld+json\">{\"@context\":\"https:\\\/\\\/schema.org\",\"@type\":\"Recipe\",\"name\":\"TARTE FINE AUX POMMES ET \u00c0 L'AMANDE\",\"image\":[\"https:\\\/\\\/healthyliciouus.com\\\/wp-content\\\/uploads\\\/2022\\\/11\\\/20221126_092531-scaled.jpg\",\"https:\\\/\\\/healthyliciouus.com\\\/wp-content\\\/uploads\\\/2022\\\/11\\\/20221126_092531-500x500.jpg\",\"https:\\\/\\\/healthyliciouus.com\\\/wp-content\\\/uploads\\\/2022\\\/11\\\/20221126_092531-500x375.jpg\",\"https:\\\/\\\/healthyliciouus.com\\\/wp-content\\\/uploads\\\/2022\\\/11\\\/20221126_092531-480x270.jpg\"],\"description\":\"\",\"keywords\":\"compote de pommes, pomme, poudre d&#039;amandes, vanille, compote de pommes, pomme, poudre du0026#039;amandes, vanille, recette tarte aux pommes, recette tarte aux pommes healthy, tarte aux pommes IG bas, dessert \u00e0 IG bas, tarte aux pommes healthy, dessert pomme IG bas\",\"author\":{\"@type\":\"Person\",\"name\":\"healthyliciouus\"},\"datePublished\":\"2023-12-03T00:58:44+01:00\",\"prepTime\":\"PT20M\",\"cookTime\":\"PT30M\",\"totalTime\":\"PT50M\",\"recipeCategory\":[\"RECETTES D'AUTOMNE\",\"TARTES &amp; G\u00c2TEAUX\"],\"recipeCuisine\":[],\"recipeYield\":[\"1\",\"1 tarte de 24cm de dima\u00e8tre\"],\"nutrition\":{\"@type\":\"NutritionInformation\"},\"recipeIngredient\":[\"100g de farine d'\u00e9peautre T110\",\"60g de poudre d'amandes\",\"20g de sucre de coco\",\"5cl d'huile de colza\",\"6cl d'eau\",\"4 pommes Golden\",\"100g de compote de pommes sans sucre ajout\u00e9\",\"1 c \u00e0 c de sucre de coco\",\"1 c \u00e0 s d'amandes effil\u00e9es\",\"1 c \u00e0 s de poudre d'amandes\",\"1\\\/2 c \u00e0 c de vanille en poudre\"],\"recipeInstructions\":[{\"@type\":\"HowToStep\",\"name\":\"Pr\u00e9parez la p\u00e2te \u00e0 tarte en m\u00e9langeant l'ensemble des ingr\u00e9dients. Formez une boule puis abaissez la sur du papier sulfuris\u00e9 en formant un rond d'environ 28cm de diam\u00e8tre.\",\"text\":\"Pr\u00e9parez la p\u00e2te \u00e0 tarte en m\u00e9langeant l'ensemble des ingr\u00e9dients. Formez une boule puis abaissez la sur du papier sulfuris\u00e9 en formant un rond d'environ 28cm de diam\u00e8tre.\",\"url\":\"https:\\\/\\\/healthyliciouus.com\\\/index.php\\\/2023\\\/12\\\/03\\\/tarte-fine-aux-pommes-et-a-lamande\\\/#wpzoom-rcb-direction-step-638231863ba40\",\"image\":\"https:\\\/\\\/healthyliciouus.com\\\/wp-content\\\/uploads\\\/2023\\\/12\\\/20221126_074214-scaled-e1701560715969-750x732.jpg\"},{\"@type\":\"HowToStep\",\"name\":\"Epluchez et coupez les pommes en fines lamelles. Vous pouvez les citronner un peu pour \u00e9viter qu'elles noircissent pendant la pr\u00e9paration.\",\"text\":\"Epluchez et coupez les pommes en fines lamelles. Vous pouvez les citronner un peu pour \u00e9viter qu'elles noircissent pendant la pr\u00e9paration.\",\"url\":\"https:\\\/\\\/healthyliciouus.com\\\/index.php\\\/2023\\\/12\\\/03\\\/tarte-fine-aux-pommes-et-a-lamande\\\/#wpzoom-rcb-direction-step-638231863ba42\",\"image\":\"\"},{\"@type\":\"HowToStep\",\"name\":\"Sur la p\u00e2te, \u00e9talez la compote de pommes en laissant 2cm sur le bord. R\u00e9partissez la c \u00e0 s de poudre d'amandes et la vanille en poudre sur la compote de pommes.\",\"text\":\"Sur la p\u00e2te, \u00e9talez la compote de pommes en laissant 2cm sur le bord. R\u00e9partissez la c \u00e0 s de poudre d'amandes et la vanille en poudre sur la compote de pommes.\",\"url\":\"https:\\\/\\\/healthyliciouus.com\\\/index.php\\\/2023\\\/12\\\/03\\\/tarte-fine-aux-pommes-et-a-lamande\\\/#wpzoom-rcb-direction-step-1669477279998952\",\"image\":\"https:\\\/\\\/healthyliciouus.com\\\/wp-content\\\/uploads\\\/2023\\\/12\\\/20221126_074521-scaled-e1701560951413-750x729.jpg\"},{\"@type\":\"HowToStep\",\"name\":\"Disposez les lamelles de pommes en les superposant un peu (toujours en laissant 2cm sur le bord). Saupoudrez d'une c \u00e0 c de sucre de coco. Refermez l'exc\u00e9dent de p\u00e2te sur les pommes. R\u00e9partissez les amandes effil\u00e9es sur les bords de la p\u00e2te.\",\"text\":\"Disposez les lamelles de pommes en les superposant un peu (toujours en laissant 2cm sur le bord). Saupoudrez d'une c \u00e0 c de sucre de coco. Refermez l'exc\u00e9dent de p\u00e2te sur les pommes. R\u00e9partissez les amandes effil\u00e9es sur les bords de la p\u00e2te.\",\"url\":\"https:\\\/\\\/healthyliciouus.com\\\/index.php\\\/2023\\\/12\\\/03\\\/tarte-fine-aux-pommes-et-a-lamande\\\/#wpzoom-rcb-direction-step-16694773170041170\",\"image\":\"https:\\\/\\\/healthyliciouus.com\\\/wp-content\\\/uploads\\\/2023\\\/12\\\/20221126_080450-scaled-e1701560887205-750x720.jpg\"},{\"@type\":\"HowToStep\",\"name\":\"Enfournez 35 minutes \u00e0 180\u00b0C. Laissez ti\u00e9dir avant de d\u00e9guster.\",\"text\":\"Enfournez 35 minutes \u00e0 180\u00b0C. Laissez ti\u00e9dir avant de d\u00e9guster.\",\"url\":\"https:\\\/\\\/healthyliciouus.com\\\/index.php\\\/2023\\\/12\\\/03\\\/tarte-fine-aux-pommes-et-a-lamande\\\/#wpzoom-rcb-direction-step-16694773552851524\",\"image\":\"\"}]}<\/script><\/div>\n\n<div data-block-name=\"woocommerce\/handpicked-products\" data-columns=\"1\" data-products=\"[8852]\" class=\"wc-block-grid wp-block-handpicked-products wp-block-woocommerce-handpicked-products wc-block-handpicked-products has-1-columns has-multiple-rows\"><ul class=\"wc-block-grid__products\"><li class=\"wc-block-grid__product\">\n\t\t\t\t<a href=\"https:\/\/healthyliciouus.com\/index.php\/produit\/60-recettes-saines-et-gourmandes-au-fil-des-saisons\/\" class=\"wc-block-grid__product-link\">\n\t\t\t\t\t\n\t\t\t\t\t<div class=\"wc-block-grid__product-image\"><img loading=\"lazy\" decoding=\"async\" width=\"300\" height=\"400\" src=\"https:\/\/i0.wp.com\/healthyliciouus.com\/wp-content\/uploads\/2022\/09\/1ere-de-couverture.png?resize=300%2C400&amp;ssl=1\" class=\"attachment-woocommerce_thumbnail size-woocommerce_thumbnail\" alt=\"60 recettes saines et gourmandes au fil des saisons\" \/><\/div>\n\t\t\t\t\t<div class=\"wc-block-grid__product-title\">60 recettes saines et gourmandes au fil des saisons<\/div>\n\t\t\t\t<\/a>\n\t\t\t\t<div class=\"wc-block-grid__product-price price\"><span class=\"woocommerce-Price-amount amount\">19,90&nbsp;<span class=\"woocommerce-Price-currencySymbol\">&euro;<\/span><\/span><\/div>\n\t\t\t\t<div class=\"wc-block-grid__product-rating\"><div class=\"star-rating\" role=\"img\" aria-label=\"Note 5.00 sur 5\"><span style=\"width:100%\">Not\u00e9 <strong class=\"rating\">5.00<\/strong> sur 5 bas\u00e9 sur <span class=\"rating\">8<\/span> notations client<\/span><\/div><\/div>\n\t\t\t\t<div class=\"wp-block-button wc-block-grid__product-add-to-cart\"><a href=\"\/index.php\/wp-json\/wp\/v2\/posts\/9437?add-to-cart=8852\" aria-label=\"Ajouter au panier\u00a0: &ldquo;60 recettes saines et gourmandes au fil des saisons&rdquo;\" data-quantity=\"1\" data-product_id=\"8852\" data-product_sku=\"\" data-price=\"19.9\" rel=\"nofollow\" class=\"wp-block-button__link  add_to_cart_button ajax_add_to_cart\">Ajouter au panier<\/a><\/div>\n\t\t\t<\/li><\/ul><\/div>","protected":false},"excerpt":{"rendered":"<p>Cette tarte fine aux pommes agr\u00e9ment\u00e9e de poudre d&rsquo;amandes et de vanille est un d\u00e9lice ! Bien compos\u00e9e, vous allez vous pouvoir vous r\u00e9galer sainement.<\/p>\n","protected":false},"author":1,"featured_media":9436,"comment_status":"open","ping_status":"open","sticky":false,"template":"","format":"standard","meta":{"_jetpack_memberships_contains_paid_content":false,"footnotes":""},"categories":[438,41],"tags":[380,68,171,234],"class_list":["post-9437","post","type-post","status-publish","format-standard","has-post-thumbnail","hentry","category-recettes-dautomne","category-tartes-et-gateaux","tag-compote-de-pommes","tag-pomme","tag-poudre-damandes","tag-vanille"],"aioseo_notices":[],"jetpack_featured_media_url":"https:\/\/i0.wp.com\/healthyliciouus.com\/wp-content\/uploads\/2022\/11\/20221126_092531-scaled.jpg?fit=1920%2C2560&ssl=1","jetpack-related-posts":[],"jetpack_sharing_enabled":true,"_links":{"self":[{"href":"https:\/\/healthyliciouus.com\/index.php\/wp-json\/wp\/v2\/posts\/9437","targetHints":{"allow":["GET"]}}],"collection":[{"href":"https:\/\/healthyliciouus.com\/index.php\/wp-json\/wp\/v2\/posts"}],"about":[{"href":"https:\/\/healthyliciouus.com\/index.php\/wp-json\/wp\/v2\/types\/post"}],"author":[{"embeddable":true,"href":"https:\/\/healthyliciouus.com\/index.php\/wp-json\/wp\/v2\/users\/1"}],"replies":[{"embeddable":true,"href":"https:\/\/healthyliciouus.com\/index.php\/wp-json\/wp\/v2\/comments?post=9437"}],"version-history":[{"count":8,"href":"https:\/\/healthyliciouus.com\/index.php\/wp-json\/wp\/v2\/posts\/9437\/revisions"}],"predecessor-version":[{"id":13636,"href":"https:\/\/healthyliciouus.com\/index.php\/wp-json\/wp\/v2\/posts\/9437\/revisions\/13636"}],"wp:featuredmedia":[{"embeddable":true,"href":"https:\/\/healthyliciouus.com\/index.php\/wp-json\/wp\/v2\/media\/9436"}],"wp:attachment":[{"href":"https:\/\/healthyliciouus.com\/index.php\/wp-json\/wp\/v2\/media?parent=9437"}],"wp:term":[{"taxonomy":"category","embeddable":true,"href":"https:\/\/healthyliciouus.com\/index.php\/wp-json\/wp\/v2\/categories?post=9437"},{"taxonomy":"post_tag","embeddable":true,"href":"https:\/\/healthyliciouus.com\/index.php\/wp-json\/wp\/v2\/tags?post=9437"}],"curies":[{"name":"wp","href":"https:\/\/api.w.org\/{rel}","templated":true}]}}