{"id":9382,"date":"2022-12-13T11:59:48","date_gmt":"2022-12-13T10:59:48","guid":{"rendered":"https:\/\/healthyliciouus.com\/?p=9382"},"modified":"2024-01-18T21:21:13","modified_gmt":"2024-01-18T20:21:13","slug":"salade-de-petit-epeautre-carottes-roties-au-miel","status":"publish","type":"post","link":"https:\/\/healthyliciouus.com\/index.php\/2022\/12\/13\/salade-de-petit-epeautre-carottes-roties-au-miel\/","title":{"rendered":"SALADE DE PETIT \u00c9PEAUTRE, CAROTTES R\u00d4TIES AU MIEL"},"content":{"rendered":"\n<p>Cette recette va devenir une de mes recettes hivernales incontournable ! Cette salade de petit \u00e9peautre agr\u00e9ment\u00e9e de carottes r\u00f4ties au miel d&rsquo;acacia et aux graines de s\u00e9same est un d\u00e9lice. Compos\u00e9e aussi d&rsquo;avocat, d&rsquo;amandes effil\u00e9es et de grenade, cette salade de petit \u00e9peautre est un condens\u00e9 de bienfaits.<\/p>\n\n\n\n<p>J&rsquo;adore l&rsquo;association petit \u00e9peautre et carottes r\u00f4ties. Je l&rsquo;avais d\u00e9j\u00e0 fait dans ma recette de <a href=\"https:\/\/healthyliciouus.com\/index.php\/2021\/07\/13\/carottes-roties-au-miel-et-au-zaatar\/\" target=\"_blank\" rel=\"noopener\" title=\"carottes r\u00f4ties au miel et au zaatar\">carottes r\u00f4ties au miel et au zaatar<\/a> et c&rsquo;\u00e9tait un r\u00e9gal. Testez si vous ne l&rsquo;avez pas encore fait, \u00e7a vaut le coup ! <\/p>\n\n\n\n<hr class=\"wp-block-separator has-alpha-channel-opacity is-style-wide\"\/>\n\n\n<div class=\"wp-block-wpzoom-recipe-card-block-recipe-card is-style-newdesign header-content-align-center block-alignment-left\" id=\"wpzoom-recipe-card\"><div class=\"recipe-card-image\">\n\t\t\t\t<figure>\n\t\t\t\t\t<img loading=\"lazy\" decoding=\"async\" width=\"800\" height=\"530\" src=\"https:\/\/i0.wp.com\/healthyliciouus.com\/wp-content\/uploads\/2022\/11\/20221103_095111-scaled.jpg?resize=800%2C530&amp;ssl=1\" class=\"wpzoom-recipe-card-image\" alt=\"SALADE DE PETIT \u00c9PEAUTRE, CAROTTES R\u00d4TIES AU MIEL\" id=\"9326\" srcset=\"https:\/\/i0.wp.com\/healthyliciouus.com\/wp-content\/uploads\/2022\/11\/20221103_095111-scaled.jpg?resize=800%2C530&amp;ssl=1 800w, https:\/\/i0.wp.com\/healthyliciouus.com\/wp-content\/uploads\/2022\/11\/20221103_095111-scaled.jpg?resize=360%2C240&amp;ssl=1 360w, https:\/\/i0.wp.com\/healthyliciouus.com\/wp-content\/uploads\/2022\/11\/20221103_095111-scaled.jpg?zoom=2&amp;resize=800%2C530&amp;ssl=1 1600w\" sizes=\"auto, (max-width: 750px) 100vw, 750px\" \/>\n\t\t\t\t\t<figcaption>\n\t\t\t\t\t\t<div class=\"wpzoom-recipe-card-print-link\">\n\t            <a class=\"btn-print-link no-print\" href=\"#wpzoom-recipe-card\" title=\"Imprimer les instructions\u2026\" style=\"background-color: #FFA921; box-shadow: 0 5px 40px #FFA921;\" data-servings-size=\"4\" data-recipe-id=\"9382\">\n\t            \t<SVG class=\"wpzoom-rcb-icon-print-link\" viewBox=\"0 0 32 32\" width=\"32\" height=\"32\" xmlns=\"http:\/\/www.w3.org\/2000\/svg\">\n \t            \t    <g data-name=\"Layer 55\" id=\"Layer_55\">\n \t            \t        <Path class=\"wpzoom-rcb-print-icon\" d=\"M28,25H25a1,1,0,0,1,0-2h3a1,1,0,0,0,1-1V10a1,1,0,0,0-1-1H4a1,1,0,0,0-1,1V22a1,1,0,0,0,1,1H7a1,1,0,0,1,0,2H4a3,3,0,0,1-3-3V10A3,3,0,0,1,4,7H28a3,3,0,0,1,3,3V22A3,3,0,0,1,28,25Z\" \/>\n \t            \t        <Path class=\"wpzoom-rcb-print-icon\" d=\"M25,31H7a1,1,0,0,1-1-1V20a1,1,0,0,1,1-1H25a1,1,0,0,1,1,1V30A1,1,0,0,1,25,31ZM8,29H24V21H8Z\" \/>\n \t            \t        <Path class=\"wpzoom-rcb-print-icon\" d=\"M25,9a1,1,0,0,1-1-1V3H8V8A1,1,0,0,1,6,8V2A1,1,0,0,1,7,1H25a1,1,0,0,1,1,1V8A1,1,0,0,1,25,9Z\" \/>\n \t            \t        <rect class=\"wpzoom-rcb-print-icon\" height=\"2\" width=\"2\" x=\"24\" y=\"11\" \/>\n \t            \t        <rect class=\"wpzoom-rcb-print-icon\" height=\"2\" width=\"4\" x=\"18\" y=\"11\" \/>\n \t            \t    <\/g>\n \t            \t<\/SVG>\n\t                <span>Imprimer<\/span>\n\t            <\/a>\n\t        <\/div>\n\t\t            <\/figcaption>\n\t\t\t\t<\/figure>\n\t\t\t<\/div>\n\t\t\t<div class=\"recipe-card-heading\">\n\t\t\t\t<h2 class=\"recipe-card-title\">SALADE DE PETIT \u00c9PEAUTRE, CAROTTES R\u00d4TIES AU MIEL<\/h2><\/div><div class=\"recipe-card-details\"><div class=\"details-items\"><div class=\"detail-item detail-item-0\"><span class=\"detail-item-icon oldicon oldicon-food-1\" style=\"color: #FFA921;\"><\/span><span class=\"detail-item-label\">Portions<\/span><p class=\"detail-item-value\">4<\/p><span class=\"detail-item-unit\">portions<\/span><\/div><div class=\"detail-item detail-item-1\"><span class=\"detail-item-icon oldicon oldicon-clock\" style=\"color: #FFA921;\"><\/span><span class=\"detail-item-label\">Temps de pr\u00e9paration<\/span><p class=\"detail-item-value\">25<\/p><span class=\"detail-item-unit\">minutes<\/span><\/div><div class=\"detail-item detail-item-2\"><span class=\"detail-item-icon foodicons foodicons-cooking-food-in-a-hot-casserole\" style=\"color: #FFA921;\"><\/span><span class=\"detail-item-label\">Temps de cuisson<\/span><p class=\"detail-item-value\">40<\/p><span class=\"detail-item-unit\">minutes<\/span><\/div><\/div><\/div><div class=\"recipe-card-ingredients\"><h3 class=\"ingredients-title\">INGREDIENTS<\/h3><ul class=\"ingredients-list layout-2-columns\"><li id=\"wpzoom-rcb-ingredient-item-637a3229effc3\" class=\"ingredient-item\"><span class=\"tick-circle\" style=\"border: 2px solid #FFA921;\"><\/span><p class=\"ingredient-item-name is-strikethrough-active\"><span class=\"wpzoom-rcb-ingredient-name\">200g de petit \u00e9peautre<\/span><\/p><\/li><li id=\"wpzoom-rcb-ingredient-item-637a3229effc6\" class=\"ingredient-item\"><span class=\"tick-circle\" style=\"border: 2px solid #FFA921;\"><\/span><p class=\"ingredient-item-name is-strikethrough-active\"><span class=\"wpzoom-rcb-ingredient-name\">2 avocats<\/span><\/p><\/li><li id=\"wpzoom-rcb-ingredient-item-637a3229effc7\" class=\"ingredient-item\"><span class=\"tick-circle\" style=\"border: 2px solid #FFA921;\"><\/span><p class=\"ingredient-item-name is-strikethrough-active\"><span class=\"wpzoom-rcb-ingredient-name\">100g de feta<\/span><\/p><\/li><li id=\"wpzoom-rcb-ingredient-item-1668953201369331\" class=\"ingredient-item\"><span class=\"tick-circle\" style=\"border: 2px solid #FFA921;\"><\/span><p class=\"ingredient-item-name is-strikethrough-active\"><span class=\"wpzoom-rcb-ingredient-name\">une 1\/2 grenade<\/span><\/p><\/li><li id=\"wpzoom-rcb-ingredient-item-1668953214014428\" class=\"ingredient-item\"><span class=\"tick-circle\" style=\"border: 2px solid #FFA921;\"><\/span><p class=\"ingredient-item-name is-strikethrough-active\"><span class=\"wpzoom-rcb-ingredient-name\">50g d&rsquo;amandes effil\u00e9es<\/span><\/p><\/li><li id=\"wpzoom-rcb-ingredient-item-16689535357205304\" class=\"ingredient-item\"><span class=\"tick-circle\" style=\"border: 2px solid #FFA921;\"><\/span><p class=\"ingredient-item-name is-strikethrough-active\"><span class=\"wpzoom-rcb-ingredient-name\">coriandre fra\u00eeche<\/span><\/p><\/li><li id=\"wpzoom-rcb-ingredient-item-16689536259066037\" class=\"ingredient-item\"><span class=\"tick-circle\" style=\"border: 2px solid #FFA921;\"><\/span><p class=\"ingredient-item-name is-strikethrough-active\"><span class=\"wpzoom-rcb-ingredient-name\">1 oignon c\u00e9bette<\/span><\/p><\/li><li id=\"wpzoom-rcb-ingredient-item-1668953220132537\" class=\"ingredient-item ingredient-item-group\"><strong class=\"ingredient-item-group-title\"><br \/>Pour les carottes r\u00f4ties au miel :<\/strong><\/li><li id=\"wpzoom-rcb-ingredient-item-1668953228197706\" class=\"ingredient-item\"><span class=\"tick-circle\" style=\"border: 2px solid #FFA921;\"><\/span><p class=\"ingredient-item-name is-strikethrough-active\"><span class=\"wpzoom-rcb-ingredient-name\">3 carottes<\/span><\/p><\/li><li id=\"wpzoom-rcb-ingredient-item-1668953248733843\" class=\"ingredient-item\"><span class=\"tick-circle\" style=\"border: 2px solid #FFA921;\"><\/span><p class=\"ingredient-item-name is-strikethrough-active\"><span class=\"wpzoom-rcb-ingredient-name\">3 c \u00e0 s d&rsquo;huile d&rsquo;olive<\/span><\/p><\/li><li id=\"wpzoom-rcb-ingredient-item-1668953254475940\" class=\"ingredient-item\"><span class=\"tick-circle\" style=\"border: 2px solid #FFA921;\"><\/span><p class=\"ingredient-item-name is-strikethrough-active\"><span class=\"wpzoom-rcb-ingredient-name\">1 c \u00e0 s de miel d&rsquo;acacia<\/span><\/p><\/li><li id=\"wpzoom-rcb-ingredient-item-16689532603201037\" class=\"ingredient-item\"><span class=\"tick-circle\" style=\"border: 2px solid #FFA921;\"><\/span><p class=\"ingredient-item-name is-strikethrough-active\"><span class=\"wpzoom-rcb-ingredient-name\">1 c \u00e0 s de graines de s\u00e9same<\/span><\/p><\/li><li id=\"wpzoom-rcb-ingredient-item-16689532774891178\" class=\"ingredient-item\"><span class=\"tick-circle\" style=\"border: 2px solid #FFA921;\"><\/span><p class=\"ingredient-item-name is-strikethrough-active\"><span class=\"wpzoom-rcb-ingredient-name\">fleur de sel, poivre<\/span><\/p><\/li><\/ul><\/div><div class=\"recipe-card-directions\"><h3 class=\"directions-title\">LES ETAPES DE LA RECETTE<\/h3><ul class=\"directions-list\"><li id=\"wpzoom-rcb-direction-step-637a3229effcb\" class=\"direction-step\">Faites cuire le petit \u00e9peautre comme indiqu\u00e9 sur l&#8217;emballage puis \u00e9gouttez.<\/li><li id=\"wpzoom-rcb-direction-step-637a3229effca\" class=\"direction-step\">\u00c9pluchez, lavez et coupez les carottes en b\u00e2tonnets. M\u00e9langez l&rsquo;huile d&rsquo;olive avec le miel et les graines de s\u00e9same. Badigeonnez les carottes avec ce m\u00e9lange, salez, poivrez et disposez-les sur une plaque allant au four et recouverte de papier sulfuris\u00e9. Enfournez 20 minutes \u00e0 200\u00b0. V\u00e9rifiez la cuisson, elles ne doivent pas s&rsquo;\u00e9craser et doivent rester un peu fermes.<\/li><li id=\"wpzoom-rcb-direction-step-637a3229effce\" class=\"direction-step\">Torr\u00e9fiez les amandes effil\u00e9es quelques minutes dans une po\u00eale \u00e0 sec.<\/li><li id=\"wpzoom-rcb-direction-step-637a3229effcc\" class=\"direction-step\">Coupez l&rsquo;avocat en d\u00e9s. Emiettez la feta. R\u00e9cup\u00e9rez les graines de la grenade. Coupez l&rsquo;oignon c\u00e9bette en fines rondelles. <\/li><li id=\"wpzoom-rcb-direction-step-16689535283745291\" class=\"direction-step\">M\u00e9langez l&rsquo;ensemble des ingr\u00e9dients : petit \u00e9peautre, carottes r\u00f4ties, avocat, graines de grenade, feta, rondelles de c\u00e9bette, amandes effil\u00e9es et coriandre fra\u00eeche. Rectifiez l&rsquo;assaisonnement si besoin en salant et poivrant et servez. Ajoutez un peu d&rsquo;huile d&rsquo;olive si besoin (je n&rsquo;en ai pas mis car le m\u00e9lange n&rsquo;est pas du tout sec).<\/li><\/ul><\/div><script type=\"application\/ld+json\">{\"@context\":\"https:\\\/\\\/schema.org\",\"@type\":\"Recipe\",\"name\":\"SALADE DE PETIT \u00c9PEAUTRE, CAROTTES R\u00d4TIES AU MIEL\",\"image\":[\"https:\\\/\\\/healthyliciouus.com\\\/wp-content\\\/uploads\\\/2022\\\/11\\\/20221103_095111-scaled.jpg\",\"https:\\\/\\\/healthyliciouus.com\\\/wp-content\\\/uploads\\\/2022\\\/11\\\/20221103_095111-500x500.jpg\",\"https:\\\/\\\/healthyliciouus.com\\\/wp-content\\\/uploads\\\/2022\\\/11\\\/20221103_095111-500x375.jpg\",\"https:\\\/\\\/healthyliciouus.com\\\/wp-content\\\/uploads\\\/2022\\\/11\\\/20221103_095111-480x270.jpg\"],\"description\":\"\",\"keywords\":\"amande effil\u00e9e, avocat, carotte, coriandre fra\u00efche, feta, graines de s\u00e9same, grenade, miel d&#039;acacia, petit \u00e9peautre, amande effil\u00e9e, avocat, carotte, coriandre fra\u00eeche, feta, graines de s\u00e9same, grenade, miel du0026#039;acacia, petit \u00e9peautre, recette de salade IG bas, que faire avec du petit \u00e9peautre\",\"author\":{\"@type\":\"Person\",\"name\":\"healthyliciouus\"},\"datePublished\":\"2022-12-13T11:59:48+01:00\",\"prepTime\":\"PT25M\",\"cookTime\":\"PT40M\",\"totalTime\":\"PT1H5M\",\"recipeCategory\":[\"RECETTES D'AUTOMNE\",\"RECETTES D'HIVER\",\"RECETTES V\u00c9G\u00c9TARIENNES\",\"SALADES COMPOS\u00c9ES\",\"SARRASIN, \u00c9PEAUTRE, QUINOA, ETC\"],\"recipeCuisine\":[],\"recipeYield\":[\"4\",\"4 portions\"],\"nutrition\":{\"@type\":\"NutritionInformation\"},\"recipeIngredient\":[\"200g de petit \u00e9peautre\",\"2 avocats\",\"100g de feta\",\"une 1\\\/2 grenade\",\"50g d'amandes effil\u00e9es\",\"coriandre fra\u00eeche\",\"1 oignon c\u00e9bette\",\"3 carottes\",\"3 c \u00e0 s d'huile d'olive\",\"1 c \u00e0 s de miel d'acacia\",\"1 c \u00e0 s de graines de s\u00e9same\",\"fleur de sel, poivre\"],\"recipeInstructions\":[{\"@type\":\"HowToStep\",\"name\":\"Faites cuire le petit \u00e9peautre comme indiqu\u00e9 sur l'emballage puis \u00e9gouttez.\",\"text\":\"Faites cuire le petit \u00e9peautre comme indiqu\u00e9 sur l'emballage puis \u00e9gouttez.\",\"url\":\"https:\\\/\\\/healthyliciouus.com\\\/index.php\\\/2022\\\/12\\\/13\\\/salade-de-petit-epeautre-carottes-roties-au-miel\\\/#wpzoom-rcb-direction-step-637a3229effcb\",\"image\":\"\"},{\"@type\":\"HowToStep\",\"name\":\"\u00c9pluchez, lavez et coupez les carottes en b\u00e2tonnets. M\u00e9langez l'huile d'olive avec le miel et les graines de s\u00e9same. Badigeonnez les carottes avec ce m\u00e9lange, salez, poivrez et disposez-les sur une plaque allant au four et recouverte de papier sulfuris\u00e9. Enfournez 20 minutes \u00e0 200\u00b0. V\u00e9rifiez la cuisson, elles ne doivent pas s'\u00e9craser et doivent rester un peu fermes.\",\"text\":\"\u00c9pluchez, lavez et coupez les carottes en b\u00e2tonnets. M\u00e9langez l'huile d'olive avec le miel et les graines de s\u00e9same. Badigeonnez les carottes avec ce m\u00e9lange, salez, poivrez et disposez-les sur une plaque allant au four et recouverte de papier sulfuris\u00e9. Enfournez 20 minutes \u00e0 200\u00b0. V\u00e9rifiez la cuisson, elles ne doivent pas s'\u00e9craser et doivent rester un peu fermes.\",\"url\":\"https:\\\/\\\/healthyliciouus.com\\\/index.php\\\/2022\\\/12\\\/13\\\/salade-de-petit-epeautre-carottes-roties-au-miel\\\/#wpzoom-rcb-direction-step-637a3229effca\",\"image\":\"\"},{\"@type\":\"HowToStep\",\"name\":\"Torr\u00e9fiez les amandes effil\u00e9es quelques minutes dans une po\u00eale \u00e0 sec.\",\"text\":\"Torr\u00e9fiez les amandes effil\u00e9es quelques minutes dans une po\u00eale \u00e0 sec.\",\"url\":\"https:\\\/\\\/healthyliciouus.com\\\/index.php\\\/2022\\\/12\\\/13\\\/salade-de-petit-epeautre-carottes-roties-au-miel\\\/#wpzoom-rcb-direction-step-637a3229effce\",\"image\":\"\"},{\"@type\":\"HowToStep\",\"name\":\"Coupez l'avocat en d\u00e9s. Emiettez la feta. R\u00e9cup\u00e9rez les graines de la grenade. Coupez l'oignon c\u00e9bette en fines rondelles.\",\"text\":\"Coupez l'avocat en d\u00e9s. Emiettez la feta. R\u00e9cup\u00e9rez les graines de la grenade. Coupez l'oignon c\u00e9bette en fines rondelles.\",\"url\":\"https:\\\/\\\/healthyliciouus.com\\\/index.php\\\/2022\\\/12\\\/13\\\/salade-de-petit-epeautre-carottes-roties-au-miel\\\/#wpzoom-rcb-direction-step-637a3229effcc\",\"image\":\"\"},{\"@type\":\"HowToStep\",\"name\":\"M\u00e9langez l'ensemble des ingr\u00e9dients : petit \u00e9peautre, carottes r\u00f4ties, avocat, graines de grenade, feta, rondelles de c\u00e9bette, amandes effil\u00e9es et coriandre fra\u00eeche. Rectifiez l'assaisonnement si besoin en salant et poivrant et servez. Ajoutez un peu d'huile d'olive si besoin (je n'en ai pas mis car le m\u00e9lange n'est pas du tout sec).\",\"text\":\"M\u00e9langez l'ensemble des ingr\u00e9dients : petit \u00e9peautre, carottes r\u00f4ties, avocat, graines de grenade, feta, rondelles de c\u00e9bette, amandes effil\u00e9es et coriandre fra\u00eeche. Rectifiez l'assaisonnement si besoin en salant et poivrant et servez. Ajoutez un peu d'huile d'olive si besoin (je n'en ai pas mis car le m\u00e9lange n'est pas du tout sec).\",\"url\":\"https:\\\/\\\/healthyliciouus.com\\\/index.php\\\/2022\\\/12\\\/13\\\/salade-de-petit-epeautre-carottes-roties-au-miel\\\/#wpzoom-rcb-direction-step-16689535283745291\",\"image\":\"\"}]}<\/script><\/div>\n\n\n<p>J\u2019ach\u00e8te la plupart de mes produits bio sur Kazidomi.&nbsp;<a href=\"https:\/\/www.kazidomi.com\/fr\/\" target=\"_blank\" rel=\"noreferrer noopener\">Kazidomi<\/a>&nbsp;est une \u00e9picerie bio en ligne qui fonctionne avec une adh\u00e9sion annuelle permettant aux membres d\u2019acheter leurs produits moins chers.&nbsp;<strong>Obtenez 20\u20ac de r\u00e9duction sur l\u2019abonnement annuel avec le code promo LICIOUUS20 (39\u20ac au lieu de 59\u20ac par an).<\/strong><\/p>\n","protected":false},"excerpt":{"rendered":"<p>Cette salade de petit \u00e9peautre et carottes r\u00f4ties au miel et graines de s\u00e9same est un condens\u00e9 de bienfaits. Une salade gourmande \u00e0 tester rapidement !<\/p>\n","protected":false},"author":1,"featured_media":9326,"comment_status":"open","ping_status":"open","sticky":false,"template":"","format":"standard","meta":{"_jetpack_memberships_contains_paid_content":false,"footnotes":""},"categories":[438,439,121,7,118],"tags":[177,92,156,211,88,245,218,209,216],"class_list":["post-9382","post","type-post","status-publish","format-standard","has-post-thumbnail","hentry","category-recettes-dautomne","category-recettes-dhiver","category-plats-vegetariens","category-salades-composees","category-sarrasin-epeautre-quinoa-etc","tag-amande-effilee","tag-avocat","tag-carotte","tag-coriandre-fraiche","tag-feta","tag-graines-de-sesame","tag-grenade","tag-miel-dacacia","tag-petit-epeautre"],"aioseo_notices":[],"jetpack_featured_media_url":"https:\/\/i0.wp.com\/healthyliciouus.com\/wp-content\/uploads\/2022\/11\/20221103_095111-scaled.jpg?fit=1920%2C2560&ssl=1","jetpack-related-posts":[],"jetpack_sharing_enabled":true,"_links":{"self":[{"href":"https:\/\/healthyliciouus.com\/index.php\/wp-json\/wp\/v2\/posts\/9382","targetHints":{"allow":["GET"]}}],"collection":[{"href":"https:\/\/healthyliciouus.com\/index.php\/wp-json\/wp\/v2\/posts"}],"about":[{"href":"https:\/\/healthyliciouus.com\/index.php\/wp-json\/wp\/v2\/types\/post"}],"author":[{"embeddable":true,"href":"https:\/\/healthyliciouus.com\/index.php\/wp-json\/wp\/v2\/users\/1"}],"replies":[{"embeddable":true,"href":"https:\/\/healthyliciouus.com\/index.php\/wp-json\/wp\/v2\/comments?post=9382"}],"version-history":[{"count":4,"href":"https:\/\/healthyliciouus.com\/index.php\/wp-json\/wp\/v2\/posts\/9382\/revisions"}],"predecessor-version":[{"id":9492,"href":"https:\/\/healthyliciouus.com\/index.php\/wp-json\/wp\/v2\/posts\/9382\/revisions\/9492"}],"wp:featuredmedia":[{"embeddable":true,"href":"https:\/\/healthyliciouus.com\/index.php\/wp-json\/wp\/v2\/media\/9326"}],"wp:attachment":[{"href":"https:\/\/healthyliciouus.com\/index.php\/wp-json\/wp\/v2\/media?parent=9382"}],"wp:term":[{"taxonomy":"category","embeddable":true,"href":"https:\/\/healthyliciouus.com\/index.php\/wp-json\/wp\/v2\/categories?post=9382"},{"taxonomy":"post_tag","embeddable":true,"href":"https:\/\/healthyliciouus.com\/index.php\/wp-json\/wp\/v2\/tags?post=9382"}],"curies":[{"name":"wp","href":"https:\/\/api.w.org\/{rel}","templated":true}]}}