{"id":11851,"date":"2024-03-07T12:37:36","date_gmt":"2024-03-07T11:37:36","guid":{"rendered":"https:\/\/healthyliciouus.com\/?p=11851"},"modified":"2024-03-16T12:13:56","modified_gmt":"2024-03-16T11:13:56","slug":"tarte-fine-courgettes-et-pesto-a-la-menthe","status":"publish","type":"post","link":"https:\/\/healthyliciouus.com\/index.php\/2024\/03\/07\/tarte-fine-courgettes-et-pesto-a-la-menthe\/","title":{"rendered":"TARTE FINE COURGETTES ET PESTO \u00c0 LA MENTHE"},"content":{"rendered":"\n<p>Une p\u00e2te \u00e0 tarte \u00e0 index glyc\u00e9mique bas, une base de pesto \u00e0 la menthe et de feta, de fines rondelles de courgettes et quelques amandes effil\u00e9es\u2026 Une d\u00e9licieuse association qui fait de cette tarte fine courgettes et pesto un repas sain et gourmand. Accompagn\u00e9e d&rsquo;une salade, c&rsquo;est un repas id\u00e9al dans le cadre d&rsquo;une alimentation \u00e0 IG bas.<\/p>\n\n\n\n<figure class=\"wp-block-image aligncenter size-large is-resized\"><img data-recalc-dims=\"1\" loading=\"lazy\" decoding=\"async\" width=\"750\" height=\"750\" src=\"https:\/\/i0.wp.com\/healthyliciouus.com\/wp-content\/uploads\/2024\/02\/20240205_152402-scaled-e1707343444499-1024x1024.jpg?resize=750%2C750&#038;ssl=1\" alt=\"les diff\u00e9rentes couches de la tarte fines courgettes et pesto \u00e0 la menthe avec de la feta et des amandes effil\u00e9es\" class=\"wp-image-11862\" style=\"width:233px;height:auto\" srcset=\"https:\/\/i0.wp.com\/healthyliciouus.com\/wp-content\/uploads\/2024\/02\/20240205_152402-scaled-e1707343444499.jpg?resize=1024%2C1024&amp;ssl=1 1024w, https:\/\/i0.wp.com\/healthyliciouus.com\/wp-content\/uploads\/2024\/02\/20240205_152402-scaled-e1707343444499.jpg?resize=300%2C300&amp;ssl=1 300w, https:\/\/i0.wp.com\/healthyliciouus.com\/wp-content\/uploads\/2024\/02\/20240205_152402-scaled-e1707343444499.jpg?resize=150%2C150&amp;ssl=1 150w, https:\/\/i0.wp.com\/healthyliciouus.com\/wp-content\/uploads\/2024\/02\/20240205_152402-scaled-e1707343444499.jpg?resize=768%2C768&amp;ssl=1 768w, https:\/\/i0.wp.com\/healthyliciouus.com\/wp-content\/uploads\/2024\/02\/20240205_152402-scaled-e1707343444499.jpg?resize=1536%2C1536&amp;ssl=1 1536w, https:\/\/i0.wp.com\/healthyliciouus.com\/wp-content\/uploads\/2024\/02\/20240205_152402-scaled-e1707343444499.jpg?resize=530%2C530&amp;ssl=1 530w, https:\/\/i0.wp.com\/healthyliciouus.com\/wp-content\/uploads\/2024\/02\/20240205_152402-scaled-e1707343444499.jpg?resize=750%2C750&amp;ssl=1 750w, https:\/\/i0.wp.com\/healthyliciouus.com\/wp-content\/uploads\/2024\/02\/20240205_152402-scaled-e1707343444499.jpg?resize=500%2C500&amp;ssl=1 500w, https:\/\/i0.wp.com\/healthyliciouus.com\/wp-content\/uploads\/2024\/02\/20240205_152402-scaled-e1707343444499.jpg?resize=360%2C360&amp;ssl=1 360w, https:\/\/i0.wp.com\/healthyliciouus.com\/wp-content\/uploads\/2024\/02\/20240205_152402-scaled-e1707343444499.jpg?resize=100%2C100&amp;ssl=1 100w, https:\/\/i0.wp.com\/healthyliciouus.com\/wp-content\/uploads\/2024\/02\/20240205_152402-scaled-e1707343444499.jpg?resize=1320%2C1320&amp;ssl=1 1320w, https:\/\/i0.wp.com\/healthyliciouus.com\/wp-content\/uploads\/2024\/02\/20240205_152402-scaled-e1707343444499.jpg?resize=600%2C600&amp;ssl=1 600w, https:\/\/i0.wp.com\/healthyliciouus.com\/wp-content\/uploads\/2024\/02\/20240205_152402-scaled-e1707343444499.jpg?w=1920&amp;ssl=1 1920w\" sizes=\"auto, (max-width: 750px) 100vw, 750px\" \/><figcaption class=\"wp-element-caption\">Les couches de la tarte fine courgettes<\/figcaption><\/figure>\n\n\n\n<p>Vous aimez les tartes \u00e0 base de courgettes ? Je vous conseille donc de tester <a href=\"https:\/\/healthyliciouus.com\/index.php\/2022\/04\/27\/quiche-sans-pate-aux-courgettes-et-chevre\/\" target=\"_blank\" rel=\"noopener\" title=\"ma quiche sans p\u00e2te aux courgettes et ch\u00e8vre\">ma quiche sans p\u00e2te aux courgettes et ch\u00e8vre<\/a> ou encore <a href=\"https:\/\/healthyliciouus.com\/index.php\/2022\/08\/05\/quiche-aux-courgettes-petits-pois-feta-et-menthe\/\" target=\"_blank\" rel=\"noopener\" title=\"ma quiche aux courgettes, petits pois, feta et menthe\">ma quiche aux courgettes, petits pois, feta et menthe<\/a>.<\/p>\n\n\n\n<hr class=\"wp-block-separator has-alpha-channel-opacity is-style-wide\"\/>\n\n\n<div class=\"wp-block-wpzoom-recipe-card-block-recipe-card is-style-newdesign header-content-align-center block-alignment-left\" id=\"wpzoom-recipe-card\"><div class=\"recipe-card-image\">\n\t\t\t\t<figure>\n\t\t\t\t\t<img loading=\"lazy\" decoding=\"async\" width=\"800\" height=\"530\" src=\"https:\/\/i0.wp.com\/healthyliciouus.com\/wp-content\/uploads\/2024\/02\/20240205_151719-scaled.jpg?resize=800%2C530&amp;ssl=1\" class=\"wpzoom-recipe-card-image\" alt=\"TARTE FINE COURGETTES ET PESTO \u00c0 LA MENTHE\" id=\"11835\" srcset=\"https:\/\/i0.wp.com\/healthyliciouus.com\/wp-content\/uploads\/2024\/02\/20240205_151719-scaled.jpg?resize=800%2C530&amp;ssl=1 800w, https:\/\/i0.wp.com\/healthyliciouus.com\/wp-content\/uploads\/2024\/02\/20240205_151719-scaled.jpg?resize=360%2C240&amp;ssl=1 360w, https:\/\/i0.wp.com\/healthyliciouus.com\/wp-content\/uploads\/2024\/02\/20240205_151719-scaled.jpg?zoom=2&amp;resize=800%2C530&amp;ssl=1 1600w\" sizes=\"auto, (max-width: 750px) 100vw, 750px\" \/>\n\t\t\t\t\t<figcaption>\n\t\t\t\t\t\t<div class=\"wpzoom-recipe-card-print-link\">\n\t            <a class=\"btn-print-link no-print\" href=\"#wpzoom-recipe-card\" title=\"Imprimer les instructions\u2026\" style=\"background-color: #FFA921; box-shadow: 0 5px 40px #FFA921;\" data-servings-size=\"1\" data-recipe-id=\"11851\">\n\t            \t<SVG class=\"wpzoom-rcb-icon-print-link\" viewBox=\"0 0 32 32\" width=\"32\" height=\"32\" xmlns=\"http:\/\/www.w3.org\/2000\/svg\">\n \t            \t    <g data-name=\"Layer 55\" id=\"Layer_55\">\n \t            \t        <Path class=\"wpzoom-rcb-print-icon\" d=\"M28,25H25a1,1,0,0,1,0-2h3a1,1,0,0,0,1-1V10a1,1,0,0,0-1-1H4a1,1,0,0,0-1,1V22a1,1,0,0,0,1,1H7a1,1,0,0,1,0,2H4a3,3,0,0,1-3-3V10A3,3,0,0,1,4,7H28a3,3,0,0,1,3,3V22A3,3,0,0,1,28,25Z\" \/>\n \t            \t        <Path class=\"wpzoom-rcb-print-icon\" d=\"M25,31H7a1,1,0,0,1-1-1V20a1,1,0,0,1,1-1H25a1,1,0,0,1,1,1V30A1,1,0,0,1,25,31ZM8,29H24V21H8Z\" \/>\n \t            \t        <Path class=\"wpzoom-rcb-print-icon\" d=\"M25,9a1,1,0,0,1-1-1V3H8V8A1,1,0,0,1,6,8V2A1,1,0,0,1,7,1H25a1,1,0,0,1,1,1V8A1,1,0,0,1,25,9Z\" \/>\n \t            \t        <rect class=\"wpzoom-rcb-print-icon\" height=\"2\" width=\"2\" x=\"24\" y=\"11\" \/>\n \t            \t        <rect class=\"wpzoom-rcb-print-icon\" height=\"2\" width=\"4\" x=\"18\" y=\"11\" \/>\n \t            \t    <\/g>\n \t            \t<\/SVG>\n\t                <span>Imprimer<\/span>\n\t            <\/a>\n\t        <\/div>\n\t\t            <\/figcaption>\n\t\t\t\t<\/figure>\n\t\t\t<\/div>\n\t\t\t<div class=\"recipe-card-heading\">\n\t\t\t\t<h2 class=\"recipe-card-title\">TARTE FINE COURGETTES ET PESTO \u00c0 LA MENTHE<\/h2><\/div><div class=\"recipe-card-details\"><div class=\"details-items\"><div class=\"detail-item detail-item-0\"><span class=\"detail-item-icon oldicon oldicon-food-1\" style=\"color: #FFA921;\"><\/span><span class=\"detail-item-label\">Portions<\/span><p class=\"detail-item-value\">1<\/p><span class=\"detail-item-unit\">tarte (4 \u00e0 6 personnes)<\/span><\/div><div class=\"detail-item detail-item-1\"><span class=\"detail-item-icon oldicon oldicon-clock\" style=\"color: #FFA921;\"><\/span><span class=\"detail-item-label\">Temps de pr\u00e9paration<\/span><p class=\"detail-item-value\">30<\/p><span class=\"detail-item-unit\">minutes<\/span><\/div><div class=\"detail-item detail-item-2\"><span class=\"detail-item-icon foodicons foodicons-cooking-food-in-a-hot-casserole\" style=\"color: #FFA921;\"><\/span><span class=\"detail-item-label\">Temps de cuisson<\/span><p class=\"detail-item-value\">40<\/p><span class=\"detail-item-unit\">minutes<\/span><\/div><div class=\"detail-item detail-item-4\"><span class=\"detail-item-icon far fa-clock\" style=\"color: #FFA921;\"><\/span><span class=\"detail-item-label\">Temps de r\u00e9frig\u00e9ration<\/span><p class=\"detail-item-value\">30<\/p><span class=\"detail-item-unit\">minutes<\/span><\/div><\/div><\/div><div class=\"recipe-card-ingredients\"><h3 class=\"ingredients-title\">INGREDIENTS<\/h3><ul class=\"ingredients-list layout-2-columns\"><li id=\"wpzoom-rcb-ingredient-item-170734222030455\" class=\"ingredient-item ingredient-item-group\"><strong class=\"ingredient-item-group-title\">Pour la p\u00e2te \u00e0 tarte :<\/strong><\/li><li id=\"wpzoom-rcb-ingredient-item-65c3f819800c8\" class=\"ingredient-item\"><span class=\"tick-circle\" style=\"border: 2px solid #FFA921;\"><\/span><p class=\"ingredient-item-name is-strikethrough-active\"><span class=\"wpzoom-rcb-ingredient-name\">100g de farine d&rsquo;\u00e9peautre T110<\/span><\/p><\/li><li id=\"wpzoom-rcb-ingredient-item-65c3f819800c9\" class=\"ingredient-item\"><span class=\"tick-circle\" style=\"border: 2px solid #FFA921;\"><\/span><p class=\"ingredient-item-name is-strikethrough-active\"><span class=\"wpzoom-rcb-ingredient-name\">80g de farine d&rsquo;orge mond\u00e9<\/span><\/p><\/li><li id=\"wpzoom-rcb-ingredient-item-65c3f819800ca\" class=\"ingredient-item\"><span class=\"tick-circle\" style=\"border: 2px solid #FFA921;\"><\/span><p class=\"ingredient-item-name is-strikethrough-active\"><span class=\"wpzoom-rcb-ingredient-name\">8cl d&rsquo;eau<\/span><\/p><\/li><li id=\"wpzoom-rcb-ingredient-item-65c3f819800cb\" class=\"ingredient-item\"><span class=\"tick-circle\" style=\"border: 2px solid #FFA921;\"><\/span><p class=\"ingredient-item-name is-strikethrough-active\"><span class=\"wpzoom-rcb-ingredient-name\">5cl d&rsquo;huile (colza ou tournesol ou p\u00e9pins de raisin)<\/span><\/p><\/li><li id=\"wpzoom-rcb-ingredient-item-1707342670405880\" class=\"ingredient-item\"><span class=\"tick-circle\" style=\"border: 2px solid #FFA921;\"><\/span><p class=\"ingredient-item-name is-strikethrough-active\"><span class=\"wpzoom-rcb-ingredient-name\">fleur de sel, poivre<\/span><\/p><\/li><li id=\"wpzoom-rcb-ingredient-item-1707342840484981\" class=\"ingredient-item ingredient-item-group\"><strong class=\"ingredient-item-group-title\"><br \/>Pour la garniture :<\/strong><\/li><li id=\"wpzoom-rcb-ingredient-item-17073428448391066\" class=\"ingredient-item\"><span class=\"tick-circle\" style=\"border: 2px solid #FFA921;\"><\/span><p class=\"ingredient-item-name is-strikethrough-active\"><span class=\"wpzoom-rcb-ingredient-name\">2 grosses courgettes (de pr\u00e9f\u00e9rence 1 jaune et 1 verte)<\/span><\/p><\/li><li id=\"wpzoom-rcb-ingredient-item-17073428618361387\" class=\"ingredient-item\"><span class=\"tick-circle\" style=\"border: 2px solid #FFA921;\"><\/span><p class=\"ingredient-item-name is-strikethrough-active\"><span class=\"wpzoom-rcb-ingredient-name\">100g de feta<\/span><\/p><\/li><li id=\"wpzoom-rcb-ingredient-item-17073428667071448\" class=\"ingredient-item\"><span class=\"tick-circle\" style=\"border: 2px solid #FFA921;\"><\/span><p class=\"ingredient-item-name is-strikethrough-active\"><span class=\"wpzoom-rcb-ingredient-name\">25g d&rsquo;amandes effil\u00e9es<\/span><\/p><\/li><li id=\"wpzoom-rcb-ingredient-item-17073428743211549\" class=\"ingredient-item\"><span class=\"tick-circle\" style=\"border: 2px solid #FFA921;\"><\/span><p class=\"ingredient-item-name is-strikethrough-active\"><span class=\"wpzoom-rcb-ingredient-name\">1 c \u00e0 \u00e0 s de miel d&rsquo;acacia<\/span><\/p><\/li><li id=\"wpzoom-rcb-ingredient-item-17073428800281674\" class=\"ingredient-item\"><span class=\"tick-circle\" style=\"border: 2px solid #FFA921;\"><\/span><p class=\"ingredient-item-name is-strikethrough-active\"><span class=\"wpzoom-rcb-ingredient-name\">1 c \u00e0 s d&rsquo;huile d&rsquo;olive<\/span><\/p><\/li><li id=\"wpzoom-rcb-ingredient-item-17073428876541787\" class=\"ingredient-item\"><span class=\"tick-circle\" style=\"border: 2px solid #FFA921;\"><\/span><p class=\"ingredient-item-name is-strikethrough-active\"><span class=\"wpzoom-rcb-ingredient-name\">quelques feuille de menthe<\/span><\/p><\/li><li id=\"wpzoom-rcb-ingredient-item-17073428998491904\" class=\"ingredient-item ingredient-item-group\"><strong class=\"ingredient-item-group-title\"><br \/>Pour le pesto :<\/strong><\/li><li id=\"wpzoom-rcb-ingredient-item-17073429033381973\" class=\"ingredient-item\"><span class=\"tick-circle\" style=\"border: 2px solid #FFA921;\"><\/span><p class=\"ingredient-item-name is-strikethrough-active\"><span class=\"wpzoom-rcb-ingredient-name\">20g de feuilles de basilic<\/span><\/p><\/li><li id=\"wpzoom-rcb-ingredient-item-17073429095952122\" class=\"ingredient-item\"><span class=\"tick-circle\" style=\"border: 2px solid #FFA921;\"><\/span><p class=\"ingredient-item-name is-strikethrough-active\"><span class=\"wpzoom-rcb-ingredient-name\">une quinzaine de feuilles de menthe (ou un peu plus si ce sont des petites feuilles)<\/span><\/p><\/li><li id=\"wpzoom-rcb-ingredient-item-170734352778331\" class=\"ingredient-item\"><span class=\"tick-circle\" style=\"border: 2px solid #FFA921;\"><\/span><p class=\"ingredient-item-name is-strikethrough-active\"><span class=\"wpzoom-rcb-ingredient-name\">40g d&rsquo;amandes \u00e9mond\u00e9es (ou noix de cajou crues)<\/span><\/p><\/li><li id=\"wpzoom-rcb-ingredient-item-1707343539663280\" class=\"ingredient-item\"><span class=\"tick-circle\" style=\"border: 2px solid #FFA921;\"><\/span><p class=\"ingredient-item-name is-strikethrough-active\"><span class=\"wpzoom-rcb-ingredient-name\">25g de parmesan r\u00e2p\u00e9<\/span><\/p><\/li><li id=\"wpzoom-rcb-ingredient-item-1707343546684381\" class=\"ingredient-item\"><span class=\"tick-circle\" style=\"border: 2px solid #FFA921;\"><\/span><p class=\"ingredient-item-name is-strikethrough-active\"><span class=\"wpzoom-rcb-ingredient-name\">1 gousse d&rsquo;ail<\/span><\/p><\/li><li id=\"wpzoom-rcb-ingredient-item-1707343555887522\" class=\"ingredient-item\"><span class=\"tick-circle\" style=\"border: 2px solid #FFA921;\"><\/span><p class=\"ingredient-item-name is-strikethrough-active\"><span class=\"wpzoom-rcb-ingredient-name\">6cl d&rsquo;huile d&rsquo;olive<\/span><\/p><\/li><li id=\"wpzoom-rcb-ingredient-item-1707343560839619\" class=\"ingredient-item\"><span class=\"tick-circle\" style=\"border: 2px solid #FFA921;\"><\/span><p class=\"ingredient-item-name is-strikethrough-active\"><span class=\"wpzoom-rcb-ingredient-name\">un peu d&rsquo;eau<\/span><\/p><\/li><li id=\"wpzoom-rcb-ingredient-item-1707343566800696\" class=\"ingredient-item\"><span class=\"tick-circle\" style=\"border: 2px solid #FFA921;\"><\/span><p class=\"ingredient-item-name is-strikethrough-active\"><span class=\"wpzoom-rcb-ingredient-name\">fleur de sel, poivre<\/span><\/p><\/li><\/ul><\/div><div class=\"recipe-card-directions\"><h3 class=\"directions-title\">LES ETAPES DE LA RECETTE<\/h3><ul class=\"directions-list\"><li id=\"wpzoom-rcb-direction-step-65c3f819800cc\" class=\"direction-step\">Pr\u00e9parez la p\u00e2te \u00e0 tarte en m\u00e9langeant l\u2019ensemble des ingr\u00e9dients. Formez une boule, filmez la et r\u00e9frig\u00e9rez pendant au moins 30 minutes.<\/li><li id=\"wpzoom-rcb-direction-step-65c3f819800cd\" class=\"direction-step\">Pr\u00e9parez le pesto : \u00e9pluchez les gousses d\u2019ail puis mixez l\u2019ensemble des ingr\u00e9dients : basilic, menthe, amandes \u00e9mond\u00e9es, parmesan, huile d\u2019olive, ail, fleur de sel et poivre. Ajoutez un peu d&rsquo;eau jusqu&rsquo;\u00e0 obtenir une texture plus lisse.<\/li><li id=\"wpzoom-rcb-direction-step-65c3f819800cf\" class=\"direction-step\">Lavez et coupez les courgettes en fines rondelles.<\/li><li id=\"wpzoom-rcb-direction-step-65c3f819800ce\" class=\"direction-step\">Une fois le temps de repos de la p\u00e2te \u00e9coul\u00e9, sortez la p\u00e2te du r\u00e9frig\u00e9rateur puis abaissez la \u00e0 l\u2019aide d\u2019un rouleau \u00e0 p\u00e2tisserie. Je lui ai donn\u00e9 une forme rectangulaire.<\/li><li id=\"wpzoom-rcb-direction-step-17073436330951633\" class=\"direction-step\">R\u00e9partissez le pesto sur l&rsquo;ensemble de la p\u00e2te. Emiettez l&rsquo;\u00e9quivalent de 50g de feta. Disposez les courgettes : placez une rondelle de courgette verte puis placez une rondelle de courgette jaune \u00e0 moiti\u00e9 par dessus. Recommencez jusqu&rsquo;\u00e0 garnir totalement la tarte. Versez l&rsquo;\u00e9quivalent d&rsquo;1 c \u00e0 s d&rsquo;huile d&rsquo;olive sur l&rsquo;ensemble des courgettes. Salez, poivrez.<br \/><img data-recalc-dims=\"1\" loading=\"lazy\" decoding=\"async\" width=\"750\" height=\"563\" src=\"https:\/\/i0.wp.com\/healthyliciouus.com\/wp-content\/uploads\/2024\/03\/20240205_135155-scaled-e1709811244896.jpg?resize=750%2C563&#038;ssl=1\" class=\"direction-step-image\" alt=\"photo de la disposition des rondelles de courgettes sur une tarte fine aux courgettes et pesto\" title=\"TARTE FINE COURGETTES ET PESTO \u00c0 LA MENTHE\" style=\"width: 220px\" \/><\/li><li id=\"wpzoom-rcb-direction-step-17073437483043842\" class=\"direction-step\">Enfournez 15 minutes \u00e0 180\u00b0. Sortez la tarte du four puis r\u00e9partissez l&rsquo;\u00e9quivalent d&rsquo;1 c \u00e0 s de miel, 50g de feta \u00e9miett\u00e9e et 25g d&rsquo;amandes effil\u00e9es. Enfournez de nouveau 20\u00b0 \u00e0 180\u00b0.<\/li><\/ul><\/div><script type=\"application\/ld+json\">{\"@context\":\"https:\\\/\\\/schema.org\",\"@type\":\"Recipe\",\"name\":\"TARTE FINE COURGETTES ET PESTO \u00c0 LA MENTHE\",\"image\":[\"https:\\\/\\\/healthyliciouus.com\\\/wp-content\\\/uploads\\\/2024\\\/02\\\/20240205_151719-scaled.jpg\",\"https:\\\/\\\/healthyliciouus.com\\\/wp-content\\\/uploads\\\/2024\\\/02\\\/20240205_151719-500x500.jpg\",\"https:\\\/\\\/healthyliciouus.com\\\/wp-content\\\/uploads\\\/2024\\\/02\\\/20240205_151719-500x375.jpg\",\"https:\\\/\\\/healthyliciouus.com\\\/wp-content\\\/uploads\\\/2024\\\/02\\\/20240205_151719-480x270.jpg\"],\"description\":\"\",\"keywords\":\"amande effil\u00e9e, amande \u00e9mond\u00e9e, basilic, courgette, feta, menthe, amande effil\u00e9e, amande \u00e9mond\u00e9e, basilic, courgette, feta, menthe, recette tarte IG bas, p\u00e2te \u00e0 tarte IG bas, recette tartes aux courgettes, tartes aux courgettes IG bas, tarte courgette pesto, tarte au pesto IG bas, pesto IG bas\",\"author\":{\"@type\":\"Person\",\"name\":\"healthyliciouus\"},\"datePublished\":\"2024-03-07T12:37:36+01:00\",\"prepTime\":\"PT30M\",\"cookTime\":\"PT40M\",\"totalTime\":\"PT1H10M\",\"recipeCategory\":[\"RECETTES D'ETE\",\"RECETTES DE PRINTEMPS\",\"RECETTES V\u00c9G\u00c9TARIENNES\",\"TARTES, PIZZAS &amp; CAKES SAL\u00c9S\"],\"recipeCuisine\":[],\"recipeYield\":[\"1\",\"1 tarte (4 \u00e0 6 personnes)\"],\"nutrition\":{\"@type\":\"NutritionInformation\"},\"recipeIngredient\":[\"100g de farine d'\u00e9peautre T110\",\"80g de farine d'orge mond\u00e9\",\"8cl d'eau\",\"5cl d'huile (colza ou tournesol ou p\u00e9pins de raisin)\",\"fleur de sel, poivre\",\"2 grosses courgettes (de pr\u00e9f\u00e9rence 1 jaune et 1 verte)\",\"100g de feta\",\"25g d'amandes effil\u00e9es\",\"1 c \u00e0 \u00e0 s de miel d'acacia\",\"1 c \u00e0 s d'huile d'olive\",\"quelques feuille de menthe\",\"20g de feuilles de basilic\",\"une quinzaine de feuilles de menthe (ou un peu plus si ce sont des petites feuilles)\",\"40g d'amandes \u00e9mond\u00e9es (ou noix de cajou crues)\",\"25g de parmesan r\u00e2p\u00e9\",\"1 gousse d'ail\",\"6cl d'huile d'olive\",\"un peu d'eau\",\"fleur de sel, poivre\"],\"recipeInstructions\":[{\"@type\":\"HowToStep\",\"name\":\"Pr\u00e9parez la p\u00e2te \u00e0 tarte en m\u00e9langeant l\u2019ensemble des ingr\u00e9dients. Formez une boule, filmez la et r\u00e9frig\u00e9rez pendant au moins 30 minutes.\",\"text\":\"Pr\u00e9parez la p\u00e2te \u00e0 tarte en m\u00e9langeant l\u2019ensemble des ingr\u00e9dients. Formez une boule, filmez la et r\u00e9frig\u00e9rez pendant au moins 30 minutes.\",\"url\":\"https:\\\/\\\/healthyliciouus.com\\\/index.php\\\/2024\\\/03\\\/07\\\/tarte-fine-courgettes-et-pesto-a-la-menthe\\\/#wpzoom-rcb-direction-step-65c3f819800cc\",\"image\":\"\"},{\"@type\":\"HowToStep\",\"name\":\"Pr\u00e9parez le pesto : \u00e9pluchez les gousses d\u2019ail puis mixez l\u2019ensemble des ingr\u00e9dients : basilic, menthe, amandes \u00e9mond\u00e9es, parmesan, huile d\u2019olive, ail, fleur de sel et poivre. Ajoutez un peu d'eau jusqu'\u00e0 obtenir une texture plus lisse.\",\"text\":\"Pr\u00e9parez le pesto : \u00e9pluchez les gousses d\u2019ail puis mixez l\u2019ensemble des ingr\u00e9dients : basilic, menthe, amandes \u00e9mond\u00e9es, parmesan, huile d\u2019olive, ail, fleur de sel et poivre. Ajoutez un peu d'eau jusqu'\u00e0 obtenir une texture plus lisse.\",\"url\":\"https:\\\/\\\/healthyliciouus.com\\\/index.php\\\/2024\\\/03\\\/07\\\/tarte-fine-courgettes-et-pesto-a-la-menthe\\\/#wpzoom-rcb-direction-step-65c3f819800cd\",\"image\":\"\"},{\"@type\":\"HowToStep\",\"name\":\"Lavez et coupez les courgettes en fines rondelles.\",\"text\":\"Lavez et coupez les courgettes en fines rondelles.\",\"url\":\"https:\\\/\\\/healthyliciouus.com\\\/index.php\\\/2024\\\/03\\\/07\\\/tarte-fine-courgettes-et-pesto-a-la-menthe\\\/#wpzoom-rcb-direction-step-65c3f819800cf\",\"image\":\"\"},{\"@type\":\"HowToStep\",\"name\":\"Une fois le temps de repos de la p\u00e2te \u00e9coul\u00e9, sortez la p\u00e2te du r\u00e9frig\u00e9rateur puis abaissez la \u00e0 l\u2019aide d\u2019un rouleau \u00e0 p\u00e2tisserie. Je lui ai donn\u00e9 une forme rectangulaire.\",\"text\":\"Une fois le temps de repos de la p\u00e2te \u00e9coul\u00e9, sortez la p\u00e2te du r\u00e9frig\u00e9rateur puis abaissez la \u00e0 l\u2019aide d\u2019un rouleau \u00e0 p\u00e2tisserie. Je lui ai donn\u00e9 une forme rectangulaire.\",\"url\":\"https:\\\/\\\/healthyliciouus.com\\\/index.php\\\/2024\\\/03\\\/07\\\/tarte-fine-courgettes-et-pesto-a-la-menthe\\\/#wpzoom-rcb-direction-step-65c3f819800ce\",\"image\":\"\"},{\"@type\":\"HowToStep\",\"name\":\"R\u00e9partissez le pesto sur l'ensemble de la p\u00e2te. Emiettez l'\u00e9quivalent de 50g de feta. Disposez les courgettes : placez une rondelle de courgette verte puis placez une rondelle de courgette jaune \u00e0 moiti\u00e9 par dessus. Recommencez jusqu'\u00e0 garnir totalement la tarte. Versez l'\u00e9quivalent d'1 c \u00e0 s d'huile d'olive sur l'ensemble des courgettes. Salez, poivrez.\",\"text\":\"R\u00e9partissez le pesto sur l'ensemble de la p\u00e2te. Emiettez l'\u00e9quivalent de 50g de feta. Disposez les courgettes : placez une rondelle de courgette verte puis placez une rondelle de courgette jaune \u00e0 moiti\u00e9 par dessus. Recommencez jusqu'\u00e0 garnir totalement la tarte. Versez l'\u00e9quivalent d'1 c \u00e0 s d'huile d'olive sur l'ensemble des courgettes. Salez, poivrez.\",\"url\":\"https:\\\/\\\/healthyliciouus.com\\\/index.php\\\/2024\\\/03\\\/07\\\/tarte-fine-courgettes-et-pesto-a-la-menthe\\\/#wpzoom-rcb-direction-step-17073436330951633\",\"image\":\"https:\\\/\\\/healthyliciouus.com\\\/wp-content\\\/uploads\\\/2024\\\/03\\\/20240205_135155-scaled-e1709811244896-750x563.jpg\"},{\"@type\":\"HowToStep\",\"name\":\"Enfournez 15 minutes \u00e0 180\u00b0. Sortez la tarte du four puis r\u00e9partissez l'\u00e9quivalent d'1 c \u00e0 s de miel, 50g de feta \u00e9miett\u00e9e et 25g d'amandes effil\u00e9es. Enfournez de nouveau 20\u00b0 \u00e0 180\u00b0.\",\"text\":\"Enfournez 15 minutes \u00e0 180\u00b0. Sortez la tarte du four puis r\u00e9partissez l'\u00e9quivalent d'1 c \u00e0 s de miel, 50g de feta \u00e9miett\u00e9e et 25g d'amandes effil\u00e9es. Enfournez de nouveau 20\u00b0 \u00e0 180\u00b0.\",\"url\":\"https:\\\/\\\/healthyliciouus.com\\\/index.php\\\/2024\\\/03\\\/07\\\/tarte-fine-courgettes-et-pesto-a-la-menthe\\\/#wpzoom-rcb-direction-step-17073437483043842\",\"image\":\"\"}]}<\/script><\/div>\n\n<div data-block-name=\"woocommerce\/handpicked-products\" data-columns=\"1\" data-products=\"[8852]\" class=\"wc-block-grid wp-block-handpicked-products wp-block-woocommerce-handpicked-products wc-block-handpicked-products has-1-columns has-multiple-rows\"><ul class=\"wc-block-grid__products\"><li class=\"wc-block-grid__product\">\n\t\t\t\t<a href=\"https:\/\/healthyliciouus.com\/index.php\/produit\/60-recettes-saines-et-gourmandes-au-fil-des-saisons\/\" class=\"wc-block-grid__product-link\">\n\t\t\t\t\t\n\t\t\t\t\t<div class=\"wc-block-grid__product-image\"><img loading=\"lazy\" decoding=\"async\" width=\"300\" height=\"400\" src=\"https:\/\/i0.wp.com\/healthyliciouus.com\/wp-content\/uploads\/2022\/09\/1ere-de-couverture.png?resize=300%2C400&amp;ssl=1\" class=\"attachment-woocommerce_thumbnail size-woocommerce_thumbnail\" alt=\"60 recettes saines et gourmandes au fil des saisons\" \/><\/div>\n\t\t\t\t\t<div class=\"wc-block-grid__product-title\">60 recettes saines et gourmandes au fil des saisons<\/div>\n\t\t\t\t<\/a>\n\t\t\t\t<div class=\"wc-block-grid__product-price price\"><span class=\"woocommerce-Price-amount amount\">19,90&nbsp;<span class=\"woocommerce-Price-currencySymbol\">&euro;<\/span><\/span><\/div>\n\t\t\t\t<div class=\"wc-block-grid__product-rating\"><div class=\"star-rating\" role=\"img\" aria-label=\"Note 5.00 sur 5\"><span style=\"width:100%\">Not\u00e9 <strong class=\"rating\">5.00<\/strong> sur 5 bas\u00e9 sur <span class=\"rating\">8<\/span> notations client<\/span><\/div><\/div>\n\t\t\t\t<div class=\"wp-block-button wc-block-grid__product-add-to-cart\"><a href=\"\/index.php\/wp-json\/wp\/v2\/posts\/11851?add-to-cart=8852\" aria-label=\"Ajouter au panier\u00a0: &ldquo;60 recettes saines et gourmandes au fil des saisons&rdquo;\" data-quantity=\"1\" data-product_id=\"8852\" data-product_sku=\"\" data-price=\"19.9\" rel=\"nofollow\" class=\"wp-block-button__link  add_to_cart_button ajax_add_to_cart\">Ajouter au panier<\/a><\/div>\n\t\t\t<\/li><\/ul><\/div>","protected":false},"excerpt":{"rendered":"<p>Une base de pesto \u00e0 la menthe et feta, de fines rondelles de courgettes et quelques amandes effil\u00e9es\u2026 Cette tarte fine courgettes et pesto est saine et tr\u00e8s gourmande.<\/p>\n","protected":false},"author":1,"featured_media":11835,"comment_status":"open","ping_status":"open","sticky":false,"template":"","format":"standard","meta":{"_jetpack_memberships_contains_paid_content":false,"footnotes":""},"categories":[442,449,121,4],"tags":[177,231,205,84,88,190],"class_list":["post-11851","post","type-post","status-publish","format-standard","has-post-thumbnail","hentry","category-recettes-dete","category-recettes-de-printemps","category-plats-vegetariens","category-tartes-pizzas-et-cakes-sales","tag-amande-effilee","tag-amande-emondee","tag-basilic","tag-courgette","tag-feta","tag-menthe"],"aioseo_notices":[],"jetpack_featured_media_url":"https:\/\/i0.wp.com\/healthyliciouus.com\/wp-content\/uploads\/2024\/02\/20240205_151719-scaled.jpg?fit=1920%2C2560&ssl=1","jetpack-related-posts":[],"jetpack_sharing_enabled":true,"_links":{"self":[{"href":"https:\/\/healthyliciouus.com\/index.php\/wp-json\/wp\/v2\/posts\/11851","targetHints":{"allow":["GET"]}}],"collection":[{"href":"https:\/\/healthyliciouus.com\/index.php\/wp-json\/wp\/v2\/posts"}],"about":[{"href":"https:\/\/healthyliciouus.com\/index.php\/wp-json\/wp\/v2\/types\/post"}],"author":[{"embeddable":true,"href":"https:\/\/healthyliciouus.com\/index.php\/wp-json\/wp\/v2\/users\/1"}],"replies":[{"embeddable":true,"href":"https:\/\/healthyliciouus.com\/index.php\/wp-json\/wp\/v2\/comments?post=11851"}],"version-history":[{"count":9,"href":"https:\/\/healthyliciouus.com\/index.php\/wp-json\/wp\/v2\/posts\/11851\/revisions"}],"predecessor-version":[{"id":12157,"href":"https:\/\/healthyliciouus.com\/index.php\/wp-json\/wp\/v2\/posts\/11851\/revisions\/12157"}],"wp:featuredmedia":[{"embeddable":true,"href":"https:\/\/healthyliciouus.com\/index.php\/wp-json\/wp\/v2\/media\/11835"}],"wp:attachment":[{"href":"https:\/\/healthyliciouus.com\/index.php\/wp-json\/wp\/v2\/media?parent=11851"}],"wp:term":[{"taxonomy":"category","embeddable":true,"href":"https:\/\/healthyliciouus.com\/index.php\/wp-json\/wp\/v2\/categories?post=11851"},{"taxonomy":"post_tag","embeddable":true,"href":"https:\/\/healthyliciouus.com\/index.php\/wp-json\/wp\/v2\/tags?post=11851"}],"curies":[{"name":"wp","href":"https:\/\/api.w.org\/{rel}","templated":true}]}}