{"id":10850,"date":"2023-12-08T13:35:17","date_gmt":"2023-12-08T12:35:17","guid":{"rendered":"https:\/\/healthyliciouus.com\/?p=10850"},"modified":"2023-12-21T03:23:08","modified_gmt":"2023-12-21T02:23:08","slug":"chou-fleur-roti-au-curcuma-creme-de-feta-orge","status":"publish","type":"post","link":"https:\/\/healthyliciouus.com\/index.php\/2023\/12\/08\/chou-fleur-roti-au-curcuma-creme-de-feta-orge\/","title":{"rendered":"CHOU-FLEUR R\u00d4TI AU CURCUMA, CR\u00c8ME DE FETA, ORGE"},"content":{"rendered":"\n<p>Mumm les l\u00e9gumes r\u00f4tis au four ! Cette fois-ci, c&rsquo;est le chou-fleur qui est \u00e0 l&rsquo;honneur ! Accompagn\u00e9 d&rsquo;une cr\u00e8me de feta, d&rsquo;orge mond\u00e9 et d&rsquo;amandes effil\u00e9es, ce chou-fleur r\u00f4ti au curcuma est un d\u00e9lice. Les saveurs et les textures se m\u00e9langent \u00e0 merveille ! Un repas complet et rassasiant, id\u00e9al dans le cadre d&rsquo;une alimentation \u00e0 index glyc\u00e9mique bas.<\/p>\n\n\n\n<p>Vous aimez ce type de recettes ? Si oui, je pense que vous aimerez aussi <a href=\"https:\/\/healthyliciouus.com\/index.php\/2022\/03\/27\/aubergines-roties-aux-epices-petit-epeautre\/\" target=\"_blank\" rel=\"noopener\" title=\"mes aubergines r\u00f4ties aux \u00e9pices et petit \u00e9peautre\">mes aubergines r\u00f4ties aux \u00e9pices et petit \u00e9peautre<\/a>. Riche en saveurs, ce plat veggie est complet, rassasiant et \u00e0 IG bas. <\/p>\n\n\n\n<hr class=\"wp-block-separator has-alpha-channel-opacity is-style-wide\"\/>\n\n\n<div class=\"wp-block-wpzoom-recipe-card-block-recipe-card is-style-newdesign header-content-align-center block-alignment-left\" id=\"wpzoom-recipe-card\"><div class=\"recipe-card-image\">\n\t\t\t\t<figure>\n\t\t\t\t\t<img loading=\"lazy\" decoding=\"async\" width=\"800\" height=\"530\" src=\"https:\/\/i0.wp.com\/healthyliciouus.com\/wp-content\/uploads\/2023\/11\/20231102_091338-scaled.jpg?resize=800%2C530&amp;ssl=1\" class=\"wpzoom-recipe-card-image\" alt=\"CHOU-FLEUR R\u00d4TI AU CURCUMA, CR\u00c8ME DE FETA, ORGE\" id=\"10849\" srcset=\"https:\/\/i0.wp.com\/healthyliciouus.com\/wp-content\/uploads\/2023\/11\/20231102_091338-scaled.jpg?resize=800%2C530&amp;ssl=1 800w, https:\/\/i0.wp.com\/healthyliciouus.com\/wp-content\/uploads\/2023\/11\/20231102_091338-scaled.jpg?resize=360%2C240&amp;ssl=1 360w, https:\/\/i0.wp.com\/healthyliciouus.com\/wp-content\/uploads\/2023\/11\/20231102_091338-scaled.jpg?zoom=2&amp;resize=800%2C530&amp;ssl=1 1600w\" sizes=\"auto, (max-width: 750px) 100vw, 750px\" \/>\n\t\t\t\t\t<figcaption>\n\t\t\t\t\t\t<div class=\"wpzoom-recipe-card-print-link\">\n\t            <a class=\"btn-print-link no-print\" href=\"#wpzoom-recipe-card\" title=\"Imprimer les instructions\u2026\" style=\"background-color: #FFA921; box-shadow: 0 5px 40px #FFA921;\" data-servings-size=\"4\" data-recipe-id=\"10850\">\n\t            \t<SVG class=\"wpzoom-rcb-icon-print-link\" viewBox=\"0 0 32 32\" width=\"32\" height=\"32\" xmlns=\"http:\/\/www.w3.org\/2000\/svg\">\n \t            \t    <g data-name=\"Layer 55\" id=\"Layer_55\">\n \t            \t        <Path class=\"wpzoom-rcb-print-icon\" d=\"M28,25H25a1,1,0,0,1,0-2h3a1,1,0,0,0,1-1V10a1,1,0,0,0-1-1H4a1,1,0,0,0-1,1V22a1,1,0,0,0,1,1H7a1,1,0,0,1,0,2H4a3,3,0,0,1-3-3V10A3,3,0,0,1,4,7H28a3,3,0,0,1,3,3V22A3,3,0,0,1,28,25Z\" \/>\n \t            \t        <Path class=\"wpzoom-rcb-print-icon\" d=\"M25,31H7a1,1,0,0,1-1-1V20a1,1,0,0,1,1-1H25a1,1,0,0,1,1,1V30A1,1,0,0,1,25,31ZM8,29H24V21H8Z\" \/>\n \t            \t        <Path class=\"wpzoom-rcb-print-icon\" d=\"M25,9a1,1,0,0,1-1-1V3H8V8A1,1,0,0,1,6,8V2A1,1,0,0,1,7,1H25a1,1,0,0,1,1,1V8A1,1,0,0,1,25,9Z\" \/>\n \t            \t        <rect class=\"wpzoom-rcb-print-icon\" height=\"2\" width=\"2\" x=\"24\" y=\"11\" \/>\n \t            \t        <rect class=\"wpzoom-rcb-print-icon\" height=\"2\" width=\"4\" x=\"18\" y=\"11\" \/>\n \t            \t    <\/g>\n \t            \t<\/SVG>\n\t                <span>Imprimer<\/span>\n\t            <\/a>\n\t        <\/div>\n\t\t            <\/figcaption>\n\t\t\t\t<\/figure>\n\t\t\t<\/div>\n\t\t\t<div class=\"recipe-card-heading\">\n\t\t\t\t<h2 class=\"recipe-card-title\">CHOU-FLEUR R\u00d4TI AU CURCUMA, CR\u00c8ME DE FETA, ORGE<\/h2><\/div><div class=\"recipe-card-details\"><div class=\"details-items\"><div class=\"detail-item detail-item-0\"><span class=\"detail-item-icon oldicon oldicon-food-1\" style=\"color: #FFA921;\"><\/span><span class=\"detail-item-label\">Portions<\/span><p class=\"detail-item-value\">4<\/p><span class=\"detail-item-unit\">personnes<\/span><\/div><div class=\"detail-item detail-item-1\"><span class=\"detail-item-icon oldicon oldicon-clock\" style=\"color: #FFA921;\"><\/span><span class=\"detail-item-label\">Temps de pr\u00e9paration<\/span><p class=\"detail-item-value\">20<\/p><span class=\"detail-item-unit\">minutes<\/span><\/div><div class=\"detail-item detail-item-2\"><span class=\"detail-item-icon foodicons foodicons-cooking-food-in-a-hot-casserole\" style=\"color: #FFA921;\"><\/span><span class=\"detail-item-label\">Temps de cuisson<\/span><p class=\"detail-item-value\">35<\/p><span class=\"detail-item-unit\">minutes<\/span><\/div><\/div><\/div><div class=\"recipe-card-ingredients\"><h3 class=\"ingredients-title\">INGREDIENTS<\/h3><ul class=\"ingredients-list layout-2-columns\"><li id=\"wpzoom-rcb-ingredient-item-1698964349624143\" class=\"ingredient-item ingredient-item-group\"><strong class=\"ingredient-item-group-title\">Pour le chou-fleur r\u00f4ti :<\/strong><\/li><li id=\"wpzoom-rcb-ingredient-item-65442220cd81c\" class=\"ingredient-item\"><span class=\"tick-circle\" style=\"border: 2px solid #FFA921;\"><\/span><p class=\"ingredient-item-name is-strikethrough-active\"><span class=\"wpzoom-rcb-ingredient-name\">environ 700g de fleurettes de chou-fleur<\/span><\/p><\/li><li id=\"wpzoom-rcb-ingredient-item-65442220cd81d\" class=\"ingredient-item\"><span class=\"tick-circle\" style=\"border: 2px solid #FFA921;\"><\/span><p class=\"ingredient-item-name is-strikethrough-active\"><span class=\"wpzoom-rcb-ingredient-name\">4 c \u00e0 s d&rsquo;huile d&rsquo;olive<\/span><\/p><\/li><li id=\"wpzoom-rcb-ingredient-item-65442220cd81e\" class=\"ingredient-item\"><span class=\"tick-circle\" style=\"border: 2px solid #FFA921;\"><\/span><p class=\"ingredient-item-name is-strikethrough-active\"><span class=\"wpzoom-rcb-ingredient-name\">2 c \u00e0 c de curcuma<\/span><\/p><\/li><li id=\"wpzoom-rcb-ingredient-item-65442220cd81f\" class=\"ingredient-item\"><span class=\"tick-circle\" style=\"border: 2px solid #FFA921;\"><\/span><p class=\"ingredient-item-name is-strikethrough-active\"><span class=\"wpzoom-rcb-ingredient-name\">fleur de sel, poivre<\/span><\/p><\/li><li id=\"wpzoom-rcb-ingredient-item-1698964383593792\" class=\"ingredient-item ingredient-item-group\"><strong class=\"ingredient-item-group-title\"><br \/>Pour la cr\u00e8me de feta :<\/strong><\/li><li id=\"wpzoom-rcb-ingredient-item-1698964390593933\" class=\"ingredient-item\"><span class=\"tick-circle\" style=\"border: 2px solid #FFA921;\"><\/span><p class=\"ingredient-item-name is-strikethrough-active\"><span class=\"wpzoom-rcb-ingredient-name\">300g de skyr (ou yaourt \u00e0 la grecque)<\/span><\/p><\/li><li id=\"wpzoom-rcb-ingredient-item-16989644051571198\" class=\"ingredient-item\"><span class=\"tick-circle\" style=\"border: 2px solid #FFA921;\"><\/span><p class=\"ingredient-item-name is-strikethrough-active\"><span class=\"wpzoom-rcb-ingredient-name\">60g de feta<\/span><\/p><\/li><li id=\"wpzoom-rcb-ingredient-item-16989644105431247\" class=\"ingredient-item\"><span class=\"tick-circle\" style=\"border: 2px solid #FFA921;\"><\/span><p class=\"ingredient-item-name is-strikethrough-active\"><span class=\"wpzoom-rcb-ingredient-name\">2 petites gousses d&rsquo;ail<\/span><\/p><\/li><li id=\"wpzoom-rcb-ingredient-item-16989644186441376\" class=\"ingredient-item ingredient-item-group\"><strong class=\"ingredient-item-group-title\"><br \/>Pour le reste de la recette :<\/strong><\/li><li id=\"wpzoom-rcb-ingredient-item-16989644380121805\" class=\"ingredient-item\"><span class=\"tick-circle\" style=\"border: 2px solid #FFA921;\"><\/span><p class=\"ingredient-item-name is-strikethrough-active\"><span class=\"wpzoom-rcb-ingredient-name\">200g d&rsquo;orge mond\u00e9<\/span><\/p><\/li><li id=\"wpzoom-rcb-ingredient-item-16989644498041927\" class=\"ingredient-item\"><span class=\"tick-circle\" style=\"border: 2px solid #FFA921;\"><\/span><p class=\"ingredient-item-name is-strikethrough-active\"><span class=\"wpzoom-rcb-ingredient-name\">1 poign\u00e9e d&rsquo;amandes effil\u00e9es<\/span><\/p><\/li><li id=\"wpzoom-rcb-ingredient-item-16989644560252060\" class=\"ingredient-item\"><span class=\"tick-circle\" style=\"border: 2px solid #FFA921;\"><\/span><p class=\"ingredient-item-name is-strikethrough-active\"><span class=\"wpzoom-rcb-ingredient-name\">50g de feta<\/span><\/p><\/li><li id=\"wpzoom-rcb-ingredient-item-16989644682322117\" class=\"ingredient-item\"><span class=\"tick-circle\" style=\"border: 2px solid #FFA921;\"><\/span><p class=\"ingredient-item-name is-strikethrough-active\"><span class=\"wpzoom-rcb-ingredient-name\">quelques feuilles de coriandre fra\u00eeche<\/span><\/p><\/li><\/ul><\/div><div class=\"recipe-card-directions\"><h3 class=\"directions-title\">LES ETAPES DE LA RECETTE<\/h3><ul class=\"directions-list\"><li id=\"wpzoom-rcb-direction-step-65442220cd820\" class=\"direction-step\">Pr\u00e9parez le chou-fleur r\u00f4ti : lavez les fleurettes de chou-fleur puis badigeonnez les avec 4 c \u00e0 s d&rsquo;huile d&rsquo;olive et 2 c \u00e0 c de curcuma. Salez, poivrez et disposez sur une plaque allant au four et recouverte de papier sulfuris\u00e9. Enfournez environ 35 minutes \u00e0 200\u00b0  et remuez \u00e0 mi-cuisson.<\/li><li id=\"wpzoom-rcb-direction-step-65442220cd821\" class=\"direction-step\">Faites cuire l&rsquo;orge mond\u00e9 selon le temps de cuisson indiqu\u00e9 sur l&#8217;emballage.<\/li><li id=\"wpzoom-rcb-direction-step-65442220cd822\" class=\"direction-step\">Torr\u00e9fiez les amandes effil\u00e9es quelques minutes dans une po\u00eale \u00e0 sec (attention, \u00e7a va vite).<\/li><li id=\"wpzoom-rcb-direction-step-65442220cd823\" class=\"direction-step\">Mixez le skyr avec 60g de feta et les gousses d&rsquo;ail \u00e9pluch\u00e9es.<\/li><li id=\"wpzoom-rcb-direction-step-16989649005784958\" class=\"direction-step\">Lorsque le chou-fleur et l&rsquo;orge sont cuits, r\u00e9partissez la cr\u00e8me de feta dans les assiettes puis l&rsquo;orge mond\u00e9. Disposez le chou-fleur r\u00f4ti. Ajoutez la garniture restante : les amandes effil\u00e9es torr\u00e9fi\u00e9es, la feta restante (environ 50g pour l&rsquo;ensemble des assiettes) et quelques feuille de coriandre fra\u00eeche. Servez imm\u00e9diatement.<\/li><\/ul><\/div><script type=\"application\/ld+json\">{\"@context\":\"https:\\\/\\\/schema.org\",\"@type\":\"Recipe\",\"name\":\"CHOU-FLEUR R\u00d4TI AU CURCUMA, CR\u00c8ME DE FETA, ORGE\",\"image\":[\"https:\\\/\\\/healthyliciouus.com\\\/wp-content\\\/uploads\\\/2023\\\/11\\\/20231102_091338-scaled.jpg\",\"https:\\\/\\\/healthyliciouus.com\\\/wp-content\\\/uploads\\\/2023\\\/11\\\/20231102_091338-500x500.jpg\",\"https:\\\/\\\/healthyliciouus.com\\\/wp-content\\\/uploads\\\/2023\\\/11\\\/20231102_091338-500x375.jpg\",\"https:\\\/\\\/healthyliciouus.com\\\/wp-content\\\/uploads\\\/2023\\\/11\\\/20231102_091338-480x270.jpg\"],\"description\":\"\",\"keywords\":\"amande effil\u00e9e, chou-fleur, curcuma, feta, orge mond\u00e9, skyr, amande effil\u00e9e, chou-fleur, curcuma, feta, orge mond\u00e9, skyr, recette chou-fleur r\u00f4ti, chou-fleur r\u00f4ti IG bas, accompagnement barbecue IG bas, chou-fleur IG bas\",\"author\":{\"@type\":\"Person\",\"name\":\"healthyliciouus\"},\"datePublished\":\"2023-12-08T13:35:17+01:00\",\"prepTime\":\"PT20M\",\"cookTime\":\"PT35M\",\"totalTime\":\"PT55M\",\"recipeCategory\":[\"L\u00c9GUMES &amp; ACCOMPAGNEMENTS\",\"RECETTES D'AUTOMNE\",\"RECETTES D'HIVER\",\"RECETTES V\u00c9G\u00c9TARIENNES\",\"SANS GLUTEN - RECETTES SAL\u00c9ES\"],\"recipeCuisine\":[],\"recipeYield\":[\"4\",\"4 personnes\"],\"nutrition\":{\"@type\":\"NutritionInformation\"},\"recipeIngredient\":[\"environ 700g de fleurettes de chou-fleur\",\"4 c \u00e0 s d'huile d'olive\",\"2 c \u00e0 c de curcuma\",\"fleur de sel, poivre\",\"300g de skyr (ou yaourt \u00e0 la grecque)\",\"60g de feta\",\"2 petites gousses d'ail\",\"200g d'orge mond\u00e9\",\"1 poign\u00e9e d'amandes effil\u00e9es\",\"50g de feta\",\"quelques feuilles de coriandre fra\u00eeche\"],\"recipeInstructions\":[{\"@type\":\"HowToStep\",\"name\":\"Pr\u00e9parez le chou-fleur r\u00f4ti : lavez les fleurettes de chou-fleur puis badigeonnez les avec 4 c \u00e0 s d'huile d'olive et 2 c \u00e0 c de curcuma. Salez, poivrez et disposez sur une plaque allant au four et recouverte de papier sulfuris\u00e9. Enfournez environ 35 minutes \u00e0 200\u00b0  et remuez \u00e0 mi-cuisson.\",\"text\":\"Pr\u00e9parez le chou-fleur r\u00f4ti : lavez les fleurettes de chou-fleur puis badigeonnez les avec 4 c \u00e0 s d'huile d'olive et 2 c \u00e0 c de curcuma. Salez, poivrez et disposez sur une plaque allant au four et recouverte de papier sulfuris\u00e9. Enfournez environ 35 minutes \u00e0 200\u00b0  et remuez \u00e0 mi-cuisson.\",\"url\":\"https:\\\/\\\/healthyliciouus.com\\\/index.php\\\/2023\\\/12\\\/08\\\/chou-fleur-roti-au-curcuma-creme-de-feta-orge\\\/#wpzoom-rcb-direction-step-65442220cd820\",\"image\":\"\"},{\"@type\":\"HowToStep\",\"name\":\"Faites cuire l'orge mond\u00e9 selon le temps de cuisson indiqu\u00e9 sur l'emballage.\",\"text\":\"Faites cuire l'orge mond\u00e9 selon le temps de cuisson indiqu\u00e9 sur l'emballage.\",\"url\":\"https:\\\/\\\/healthyliciouus.com\\\/index.php\\\/2023\\\/12\\\/08\\\/chou-fleur-roti-au-curcuma-creme-de-feta-orge\\\/#wpzoom-rcb-direction-step-65442220cd821\",\"image\":\"\"},{\"@type\":\"HowToStep\",\"name\":\"Torr\u00e9fiez les amandes effil\u00e9es quelques minutes dans une po\u00eale \u00e0 sec (attention, \u00e7a va vite).\",\"text\":\"Torr\u00e9fiez les amandes effil\u00e9es quelques minutes dans une po\u00eale \u00e0 sec (attention, \u00e7a va vite).\",\"url\":\"https:\\\/\\\/healthyliciouus.com\\\/index.php\\\/2023\\\/12\\\/08\\\/chou-fleur-roti-au-curcuma-creme-de-feta-orge\\\/#wpzoom-rcb-direction-step-65442220cd822\",\"image\":\"\"},{\"@type\":\"HowToStep\",\"name\":\"Mixez le skyr avec 60g de feta et les gousses d'ail \u00e9pluch\u00e9es.\",\"text\":\"Mixez le skyr avec 60g de feta et les gousses d'ail \u00e9pluch\u00e9es.\",\"url\":\"https:\\\/\\\/healthyliciouus.com\\\/index.php\\\/2023\\\/12\\\/08\\\/chou-fleur-roti-au-curcuma-creme-de-feta-orge\\\/#wpzoom-rcb-direction-step-65442220cd823\",\"image\":\"\"},{\"@type\":\"HowToStep\",\"name\":\"Lorsque le chou-fleur et l'orge sont cuits, r\u00e9partissez la cr\u00e8me de feta dans les assiettes puis l'orge mond\u00e9. Disposez le chou-fleur r\u00f4ti. Ajoutez la garniture restante : les amandes effil\u00e9es torr\u00e9fi\u00e9es, la feta restante (environ 50g pour l'ensemble des assiettes) et quelques feuille de coriandre fra\u00eeche. Servez imm\u00e9diatement.\",\"text\":\"Lorsque le chou-fleur et l'orge sont cuits, r\u00e9partissez la cr\u00e8me de feta dans les assiettes puis l'orge mond\u00e9. Disposez le chou-fleur r\u00f4ti. Ajoutez la garniture restante : les amandes effil\u00e9es torr\u00e9fi\u00e9es, la feta restante (environ 50g pour l'ensemble des assiettes) et quelques feuille de coriandre fra\u00eeche. Servez imm\u00e9diatement.\",\"url\":\"https:\\\/\\\/healthyliciouus.com\\\/index.php\\\/2023\\\/12\\\/08\\\/chou-fleur-roti-au-curcuma-creme-de-feta-orge\\\/#wpzoom-rcb-direction-step-16989649005784958\",\"image\":\"\"}]}<\/script><\/div>\n\n<div data-block-name=\"woocommerce\/handpicked-products\" data-columns=\"1\" data-products=\"[8852]\" class=\"wc-block-grid wp-block-handpicked-products wp-block-woocommerce-handpicked-products wc-block-handpicked-products has-1-columns has-multiple-rows\"><ul class=\"wc-block-grid__products\"><li class=\"wc-block-grid__product\">\n\t\t\t\t<a href=\"https:\/\/healthyliciouus.com\/index.php\/produit\/60-recettes-saines-et-gourmandes-au-fil-des-saisons\/\" class=\"wc-block-grid__product-link\">\n\t\t\t\t\t\n\t\t\t\t\t<div class=\"wc-block-grid__product-image\"><img loading=\"lazy\" decoding=\"async\" width=\"300\" height=\"400\" src=\"https:\/\/i0.wp.com\/healthyliciouus.com\/wp-content\/uploads\/2022\/09\/1ere-de-couverture.png?resize=300%2C400&amp;ssl=1\" class=\"attachment-woocommerce_thumbnail size-woocommerce_thumbnail\" alt=\"60 recettes saines et gourmandes au fil des saisons\" \/><\/div>\n\t\t\t\t\t<div class=\"wc-block-grid__product-title\">60 recettes saines et gourmandes au fil des saisons<\/div>\n\t\t\t\t<\/a>\n\t\t\t\t<div class=\"wc-block-grid__product-price price\"><span class=\"woocommerce-Price-amount amount\">19,90&nbsp;<span class=\"woocommerce-Price-currencySymbol\">&euro;<\/span><\/span><\/div>\n\t\t\t\t<div class=\"wc-block-grid__product-rating\"><div class=\"star-rating\" role=\"img\" aria-label=\"Note 5.00 sur 5\"><span style=\"width:100%\">Not\u00e9 <strong class=\"rating\">5.00<\/strong> sur 5 bas\u00e9 sur <span class=\"rating\">8<\/span> notations client<\/span><\/div><\/div>\n\t\t\t\t<div class=\"wp-block-button wc-block-grid__product-add-to-cart\"><a href=\"\/index.php\/wp-json\/wp\/v2\/posts\/10850?add-to-cart=8852\" aria-label=\"Ajouter au panier\u00a0: &ldquo;60 recettes saines et gourmandes au fil des saisons&rdquo;\" data-quantity=\"1\" data-product_id=\"8852\" data-product_sku=\"\" data-price=\"19.9\" rel=\"nofollow\" class=\"wp-block-button__link  add_to_cart_button ajax_add_to_cart\">Ajouter au panier<\/a><\/div>\n\t\t\t<\/li><\/ul><\/div>","protected":false},"excerpt":{"rendered":"<p>Une superbe association de saveurs et de texture dans cette recette de chou-fleur r\u00f4ti au curcuma. Feta, amande, orge, coriandre\u2026 Un v\u00e9ritable d\u00e9lice !<\/p>\n","protected":false},"author":1,"featured_media":10849,"comment_status":"open","ping_status":"open","sticky":false,"template":"","format":"standard","meta":{"_jetpack_memberships_contains_paid_content":false,"footnotes":""},"categories":[5,438,439,121,420],"tags":[177,140,227,88,169,236],"class_list":["post-10850","post","type-post","status-publish","format-standard","has-post-thumbnail","hentry","category-legumes-et-accompagnements","category-recettes-dautomne","category-recettes-dhiver","category-plats-vegetariens","category-sans-gluten-recettes-salees","tag-amande-effilee","tag-chou-fleur-2","tag-curcuma","tag-feta","tag-orge-monde","tag-skyr"],"aioseo_notices":[],"jetpack_featured_media_url":"https:\/\/i0.wp.com\/healthyliciouus.com\/wp-content\/uploads\/2023\/11\/20231102_091338-scaled.jpg?fit=1920%2C2560&ssl=1","jetpack-related-posts":[],"jetpack_sharing_enabled":true,"_links":{"self":[{"href":"https:\/\/healthyliciouus.com\/index.php\/wp-json\/wp\/v2\/posts\/10850","targetHints":{"allow":["GET"]}}],"collection":[{"href":"https:\/\/healthyliciouus.com\/index.php\/wp-json\/wp\/v2\/posts"}],"about":[{"href":"https:\/\/healthyliciouus.com\/index.php\/wp-json\/wp\/v2\/types\/post"}],"author":[{"embeddable":true,"href":"https:\/\/healthyliciouus.com\/index.php\/wp-json\/wp\/v2\/users\/1"}],"replies":[{"embeddable":true,"href":"https:\/\/healthyliciouus.com\/index.php\/wp-json\/wp\/v2\/comments?post=10850"}],"version-history":[{"count":8,"href":"https:\/\/healthyliciouus.com\/index.php\/wp-json\/wp\/v2\/posts\/10850\/revisions"}],"predecessor-version":[{"id":11049,"href":"https:\/\/healthyliciouus.com\/index.php\/wp-json\/wp\/v2\/posts\/10850\/revisions\/11049"}],"wp:featuredmedia":[{"embeddable":true,"href":"https:\/\/healthyliciouus.com\/index.php\/wp-json\/wp\/v2\/media\/10849"}],"wp:attachment":[{"href":"https:\/\/healthyliciouus.com\/index.php\/wp-json\/wp\/v2\/media?parent=10850"}],"wp:term":[{"taxonomy":"category","embeddable":true,"href":"https:\/\/healthyliciouus.com\/index.php\/wp-json\/wp\/v2\/categories?post=10850"},{"taxonomy":"post_tag","embeddable":true,"href":"https:\/\/healthyliciouus.com\/index.php\/wp-json\/wp\/v2\/tags?post=10850"}],"curies":[{"name":"wp","href":"https:\/\/api.w.org\/{rel}","templated":true}]}}